{"id":3536,"date":"2023-09-18T14:39:29","date_gmt":"2023-09-18T14:39:29","guid":{"rendered":"http:\/\/www.santaana.gob.ar\/home\/?p=3536"},"modified":"2023-09-18T14:39:29","modified_gmt":"2023-09-18T14:39:29","slug":"final-del-cross-aventura-x6","status":"publish","type":"post","link":"http:\/\/www.santaana.gob.ar\/home\/2023\/09\/18\/final-del-cross-aventura-x6\/","title":{"rendered":"FINAL DEL CROSS AVENTURA X6"},"content":{"rendered":"<p>Este domingo, en nuestra localidad, se disput\u00f3 la \u00faltima fecha del Cross Aventura X6 donde participaron atletas de diferentes localidades del departamento Federaci\u00f3n y del sur correntino.<br \/>\n\ud83d\ude4c Felicitamos a nuestros atletas Guillermo Erizaga, Nelson Paoli, Eric Michellod y Francisco Walther quienes obtuvieron una destacada actuaci\u00f3n.<br \/>\n\ud83d\udcf8Fotos: Jos\u00e9 Berterame.<\/p>\n","protected":false},"excerpt":{"rendered":"<p>Este domingo, en nuestra localidad, se disput\u00f3 la \u00faltima fecha del Cross Aventura X6 donde participaron atletas de diferentes localidades del departamento Federaci\u00f3n y del sur correntino. \ud83d\ude4c Felicitamos a nuestros atletas Guillermo Erizaga, Nelson Paoli, Eric Michellod y Francisco Walther quienes obtuvieron una destacada actuaci\u00f3n. \ud83d\udcf8Fotos: Jos\u00e9 Berterame.<\/p>\n","protected":false},"author":1,"featured_media":3537,"comment_status":"open","ping_status":"open","sticky":false,"template":"","format":"standard","meta":{"footnotes":""},"categories":[1],"tags":[],"class_list":["post-3536","post","type-post","status-publish","format-standard","has-post-thumbnail","hentry","category-noticias"],"_links":{"self":[{"href":"http:\/\/www.santaana.gob.ar\/home\/wp-json\/wp\/v2\/posts\/3536","targetHints":{"allow":["GET"]}}],"collection":[{"href":"http:\/\/www.santaana.gob.ar\/home\/wp-json\/wp\/v2\/posts"}],"about":[{"href":"http:\/\/www.santaana.gob.ar\/home\/wp-json\/wp\/v2\/types\/post"}],"author":[{"embeddable":true,"href":"http:\/\/www.santaana.gob.ar\/home\/wp-json\/wp\/v2\/users\/1"}],"replies":[{"embeddable":true,"href":"http:\/\/www.santaana.gob.ar\/home\/wp-json\/wp\/v2\/comments?post=3536"}],"version-history":[{"count":1,"href":"http:\/\/www.santaana.gob.ar\/home\/wp-json\/wp\/v2\/posts\/3536\/revisions"}],"predecessor-version":[{"id":3538,"href":"http:\/\/www.santaana.gob.ar\/home\/wp-json\/wp\/v2\/posts\/3536\/revisions\/3538"}],"wp:featuredmedia":[{"embeddable":true,"href":"http:\/\/www.santaana.gob.ar\/home\/wp-json\/wp\/v2\/media\/3537"}],"wp:attachment":[{"href":"http:\/\/www.santaana.gob.ar\/home\/wp-json\/wp\/v2\/media?parent=3536"}],"wp:term":[{"taxonomy":"category","embeddable":true,"href":"http:\/\/www.santaana.gob.ar\/home\/wp-json\/wp\/v2\/categories?post=3536"},{"taxonomy":"post_tag","embeddable":true,"href":"http:\/\/www.santaana.gob.ar\/home\/wp-json\/wp\/v2\/tags?post=3536"}],"curies":[{"name":"wp","href":"https:\/\/api.w.org\/{rel}","templated":true}]}}