{"id":3533,"date":"2023-09-15T13:40:44","date_gmt":"2023-09-15T13:40:44","guid":{"rendered":"http:\/\/www.santaana.gob.ar\/home\/?p=3533"},"modified":"2023-09-15T13:40:44","modified_gmt":"2023-09-15T13:40:44","slug":"inauguracion-la-planta-de-tratamiento","status":"publish","type":"post","link":"http:\/\/www.santaana.gob.ar\/home\/2023\/09\/15\/inauguracion-la-planta-de-tratamiento\/","title":{"rendered":"INAUGURACION LA PLANTA DE TRATAMIENTO"},"content":{"rendered":"<p>INAUGURAMOS LA PLANTA DE TRATAMIENTO DE RESIDUOS S\u00d3LIDOS URBANOS EN SANTA ANA<br \/>\n\u267b\ufe0f La planta, que viene funcionando en prueba piloto desde julio del a\u00f1o pasado ajustando los procesos de capacitaci\u00f3n de personal y programas de concientizaci\u00f3n en la poblaci\u00f3n, fue inaugurada en el d\u00eda de hoy.<br \/>\n\ud83d\udc77\u200d\u2642\ufe0f All\u00ed trabajan, como personal afectado a la planta, un encargado, 5 operarios, 2 recolectores y un ch\u00f3fer, y en el mismo predio funciona tambi\u00e9n el vivero municipal.<br \/>\n\u25aa\ufe0f Actualmente la planta opera para la recuperaci\u00f3n y tratamiento de los residuos, una vez que se incorpore la cinta y las plataformas de compostaje se realizar\u00e1 el tratamiento de la fracci\u00f3n org\u00e1nica.<br \/>\n\u25aa\ufe0f Por otra parte se tienen planificadas dos modalidades de trabajo seg\u00fan la temporada y servicios especiales como en fiestas y eventos, entre otros.<br \/>\n\ud83d\udd56 Agend\u00e1 los horarios \ud83d\udc47<br \/>\n\u25aa\ufe0f Temporada baja: de lunes a viernes, de 7 a 13 horas.<br \/>\n\ud83c\udf31 Recolecci\u00f3n de ramas y limpieza de lunes a viernes por la tarde.<br \/>\n\u25aa\ufe0f Temporada alta: de lunes a domingo en horario extendido.<br \/>\n\ud83d\ude4c Muchas gracias por el apoyo y el compromiso de todos los vecinos con la separaci\u00f3n de los residuos en sus hogares. As\u00ed podemos lograr, entre todos, una ciudad limpia con una mejor calidad de vida.<\/p>\n","protected":false},"excerpt":{"rendered":"<p>INAUGURAMOS LA PLANTA DE TRATAMIENTO DE RESIDUOS S\u00d3LIDOS URBANOS EN SANTA ANA \u267b\ufe0f La planta, que viene funcionando en prueba piloto desde julio del a\u00f1o pasado ajustando los procesos de capacitaci\u00f3n de personal y programas de concientizaci\u00f3n en la poblaci\u00f3n, fue inaugurada en el d\u00eda de hoy. \ud83d\udc77\u200d\u2642\ufe0f All\u00ed trabajan, como personal afectado a la<a class=\"moretag\" href=\"http:\/\/www.santaana.gob.ar\/home\/2023\/09\/15\/inauguracion-la-planta-de-tratamiento\/\"><span class=\"screen-reader-text\">Leer m\u00e1s sobre INAUGURACION LA PLANTA DE TRATAMIENTO<\/span>[&#8230;]<\/a><\/p>\n","protected":false},"author":1,"featured_media":3534,"comment_status":"open","ping_status":"open","sticky":false,"template":"","format":"standard","meta":{"footnotes":""},"categories":[1],"tags":[],"class_list":["post-3533","post","type-post","status-publish","format-standard","has-post-thumbnail","hentry","category-noticias"],"_links":{"self":[{"href":"http:\/\/www.santaana.gob.ar\/home\/wp-json\/wp\/v2\/posts\/3533","targetHints":{"allow":["GET"]}}],"collection":[{"href":"http:\/\/www.santaana.gob.ar\/home\/wp-json\/wp\/v2\/posts"}],"about":[{"href":"http:\/\/www.santaana.gob.ar\/home\/wp-json\/wp\/v2\/types\/post"}],"author":[{"embeddable":true,"href":"http:\/\/www.santaana.gob.ar\/home\/wp-json\/wp\/v2\/users\/1"}],"replies":[{"embeddable":true,"href":"http:\/\/www.santaana.gob.ar\/home\/wp-json\/wp\/v2\/comments?post=3533"}],"version-history":[{"count":1,"href":"http:\/\/www.santaana.gob.ar\/home\/wp-json\/wp\/v2\/posts\/3533\/revisions"}],"predecessor-version":[{"id":3535,"href":"http:\/\/www.santaana.gob.ar\/home\/wp-json\/wp\/v2\/posts\/3533\/revisions\/3535"}],"wp:featuredmedia":[{"embeddable":true,"href":"http:\/\/www.santaana.gob.ar\/home\/wp-json\/wp\/v2\/media\/3534"}],"wp:attachment":[{"href":"http:\/\/www.santaana.gob.ar\/home\/wp-json\/wp\/v2\/media?parent=3533"}],"wp:term":[{"taxonomy":"category","embeddable":true,"href":"http:\/\/www.santaana.gob.ar\/home\/wp-json\/wp\/v2\/categories?post=3533"},{"taxonomy":"post_tag","embeddable":true,"href":"http:\/\/www.santaana.gob.ar\/home\/wp-json\/wp\/v2\/tags?post=3533"}],"curies":[{"name":"wp","href":"https:\/\/api.w.org\/{rel}","templated":true}]}}