{"id":3528,"date":"2023-09-06T14:26:48","date_gmt":"2023-09-06T14:26:48","guid":{"rendered":"http:\/\/www.santaana.gob.ar\/home\/?p=3528"},"modified":"2023-09-06T14:26:48","modified_gmt":"2023-09-06T14:26:48","slug":"anses-atendera-en-santa-ana-33","status":"publish","type":"post","link":"http:\/\/www.santaana.gob.ar\/home\/2023\/09\/06\/anses-atendera-en-santa-ana-33\/","title":{"rendered":"ANSES ATENDER\u00c1 EN SANTA ANA"},"content":{"rendered":"<p>Ser\u00e1 el jueves 14 de septiembre en el horario de 8 a 13. Los interesados deber\u00e1n inscribirse previamente en las oficinas de la Direcci\u00f3n de Acci\u00f3n Social, en las instalaciones del NIDO, de lunes a viernes de 7 a 13 horas.<br \/>\nLa atenci\u00f3n ser\u00e1 \u00fanicamente con turno previo.<\/p>\n","protected":false},"excerpt":{"rendered":"<p>Ser\u00e1 el jueves 14 de septiembre en el horario de 8 a 13. Los interesados deber\u00e1n inscribirse previamente en las oficinas de la Direcci\u00f3n de Acci\u00f3n Social, en las instalaciones del NIDO, de lunes a viernes de 7 a 13 horas. La atenci\u00f3n ser\u00e1 \u00fanicamente con turno previo.<\/p>\n","protected":false},"author":1,"featured_media":2927,"comment_status":"open","ping_status":"open","sticky":false,"template":"","format":"standard","meta":{"footnotes":""},"categories":[1],"tags":[],"class_list":["post-3528","post","type-post","status-publish","format-standard","has-post-thumbnail","hentry","category-noticias"],"_links":{"self":[{"href":"http:\/\/www.santaana.gob.ar\/home\/wp-json\/wp\/v2\/posts\/3528","targetHints":{"allow":["GET"]}}],"collection":[{"href":"http:\/\/www.santaana.gob.ar\/home\/wp-json\/wp\/v2\/posts"}],"about":[{"href":"http:\/\/www.santaana.gob.ar\/home\/wp-json\/wp\/v2\/types\/post"}],"author":[{"embeddable":true,"href":"http:\/\/www.santaana.gob.ar\/home\/wp-json\/wp\/v2\/users\/1"}],"replies":[{"embeddable":true,"href":"http:\/\/www.santaana.gob.ar\/home\/wp-json\/wp\/v2\/comments?post=3528"}],"version-history":[{"count":1,"href":"http:\/\/www.santaana.gob.ar\/home\/wp-json\/wp\/v2\/posts\/3528\/revisions"}],"predecessor-version":[{"id":3529,"href":"http:\/\/www.santaana.gob.ar\/home\/wp-json\/wp\/v2\/posts\/3528\/revisions\/3529"}],"wp:featuredmedia":[{"embeddable":true,"href":"http:\/\/www.santaana.gob.ar\/home\/wp-json\/wp\/v2\/media\/2927"}],"wp:attachment":[{"href":"http:\/\/www.santaana.gob.ar\/home\/wp-json\/wp\/v2\/media?parent=3528"}],"wp:term":[{"taxonomy":"category","embeddable":true,"href":"http:\/\/www.santaana.gob.ar\/home\/wp-json\/wp\/v2\/categories?post=3528"},{"taxonomy":"post_tag","embeddable":true,"href":"http:\/\/www.santaana.gob.ar\/home\/wp-json\/wp\/v2\/tags?post=3528"}],"curies":[{"name":"wp","href":"https:\/\/api.w.org\/{rel}","templated":true}]}}