{"id":3519,"date":"2023-09-02T14:48:07","date_gmt":"2023-09-02T14:48:07","guid":{"rendered":"http:\/\/www.santaana.gob.ar\/home\/?p=3519"},"modified":"2023-09-02T14:48:07","modified_gmt":"2023-09-02T14:48:07","slug":"visita-agencias-turisticas-de-brasil","status":"publish","type":"post","link":"http:\/\/www.santaana.gob.ar\/home\/2023\/09\/02\/visita-agencias-turisticas-de-brasil\/","title":{"rendered":"VISITA AGENCIAS TUR\u00cdSTICAS DE BRASIL"},"content":{"rendered":"<p>NOS VISITARON AGENCIAS TUR\u00cdSTICAS DE BRASIL<br \/>\nNuestra ciudad recibi\u00f3 ayer la visita de integrantes de agencias de viajes, eventos y paseos de Brasil. Estuvieron 3 d\u00edas recorriendo Chajar\u00ed, Villa del Rosario y Santa Ana.<br \/>\nFueron recibidos y acompa\u00f1ados por los Directores de Turismo de la Micro Regi\u00f3n Elizabeth Millan de Chajar\u00ed, Janet Bordigion de Villa del Rosario y Luis Vago de nuestra Municipalidad.<br \/>\nRecorrieron nuestros circuitos tur\u00edsticos, playas, termas, museo y sitios de inter\u00e9s.<\/p>\n","protected":false},"excerpt":{"rendered":"<p>NOS VISITARON AGENCIAS TUR\u00cdSTICAS DE BRASIL Nuestra ciudad recibi\u00f3 ayer la visita de integrantes de agencias de viajes, eventos y paseos de Brasil. Estuvieron 3 d\u00edas recorriendo Chajar\u00ed, Villa del Rosario y Santa Ana. Fueron recibidos y acompa\u00f1ados por los Directores de Turismo de la Micro Regi\u00f3n Elizabeth Millan de Chajar\u00ed, Janet Bordigion de Villa<a class=\"moretag\" href=\"http:\/\/www.santaana.gob.ar\/home\/2023\/09\/02\/visita-agencias-turisticas-de-brasil\/\"><span class=\"screen-reader-text\">Leer m\u00e1s sobre VISITA AGENCIAS TUR\u00cdSTICAS DE BRASIL<\/span>[&#8230;]<\/a><\/p>\n","protected":false},"author":1,"featured_media":3520,"comment_status":"open","ping_status":"open","sticky":false,"template":"","format":"standard","meta":{"footnotes":""},"categories":[1],"tags":[],"class_list":["post-3519","post","type-post","status-publish","format-standard","has-post-thumbnail","hentry","category-noticias"],"_links":{"self":[{"href":"http:\/\/www.santaana.gob.ar\/home\/wp-json\/wp\/v2\/posts\/3519","targetHints":{"allow":["GET"]}}],"collection":[{"href":"http:\/\/www.santaana.gob.ar\/home\/wp-json\/wp\/v2\/posts"}],"about":[{"href":"http:\/\/www.santaana.gob.ar\/home\/wp-json\/wp\/v2\/types\/post"}],"author":[{"embeddable":true,"href":"http:\/\/www.santaana.gob.ar\/home\/wp-json\/wp\/v2\/users\/1"}],"replies":[{"embeddable":true,"href":"http:\/\/www.santaana.gob.ar\/home\/wp-json\/wp\/v2\/comments?post=3519"}],"version-history":[{"count":1,"href":"http:\/\/www.santaana.gob.ar\/home\/wp-json\/wp\/v2\/posts\/3519\/revisions"}],"predecessor-version":[{"id":3521,"href":"http:\/\/www.santaana.gob.ar\/home\/wp-json\/wp\/v2\/posts\/3519\/revisions\/3521"}],"wp:featuredmedia":[{"embeddable":true,"href":"http:\/\/www.santaana.gob.ar\/home\/wp-json\/wp\/v2\/media\/3520"}],"wp:attachment":[{"href":"http:\/\/www.santaana.gob.ar\/home\/wp-json\/wp\/v2\/media?parent=3519"}],"wp:term":[{"taxonomy":"category","embeddable":true,"href":"http:\/\/www.santaana.gob.ar\/home\/wp-json\/wp\/v2\/categories?post=3519"},{"taxonomy":"post_tag","embeddable":true,"href":"http:\/\/www.santaana.gob.ar\/home\/wp-json\/wp\/v2\/tags?post=3519"}],"curies":[{"name":"wp","href":"https:\/\/api.w.org\/{rel}","templated":true}]}}