{"id":3516,"date":"2023-09-02T12:55:52","date_gmt":"2023-09-02T12:55:52","guid":{"rendered":"http:\/\/www.santaana.gob.ar\/home\/?p=3516"},"modified":"2023-09-02T12:55:52","modified_gmt":"2023-09-02T12:55:52","slug":"llego-la-jubilacion-de-carlitos","status":"publish","type":"post","link":"http:\/\/www.santaana.gob.ar\/home\/2023\/09\/02\/llego-la-jubilacion-de-carlitos\/","title":{"rendered":"LLEG\u00d3 LA JUBILACI\u00d3N DE CARLITOS"},"content":{"rendered":"<p>Carlos Reissenweber se desempe\u00f1aba como Tesorero de la Municipalidad de Santa Ana y fue notificado que la Caja de Jubilaciones de Entre R\u00edos aprob\u00f3 su Jubilaci\u00f3n.<br \/>\n\u00abCarlitos es un muy buen compa\u00f1ero y una gran persona, muy responsable con su trabajo. Todos deseamos que disfrute de esta nueva etapa de su vida\u00bb manifest\u00f3 el Intendente Rogelio Zanandrea.<br \/>\n\u00a1Felicitaciones!<\/p>\n","protected":false},"excerpt":{"rendered":"<p>Carlos Reissenweber se desempe\u00f1aba como Tesorero de la Municipalidad de Santa Ana y fue notificado que la Caja de Jubilaciones de Entre R\u00edos aprob\u00f3 su Jubilaci\u00f3n. \u00abCarlitos es un muy buen compa\u00f1ero y una gran persona, muy responsable con su trabajo. Todos deseamos que disfrute de esta nueva etapa de su vida\u00bb manifest\u00f3 el Intendente<a class=\"moretag\" href=\"http:\/\/www.santaana.gob.ar\/home\/2023\/09\/02\/llego-la-jubilacion-de-carlitos\/\"><span class=\"screen-reader-text\">Leer m\u00e1s sobre LLEG\u00d3 LA JUBILACI\u00d3N DE CARLITOS<\/span>[&#8230;]<\/a><\/p>\n","protected":false},"author":1,"featured_media":3517,"comment_status":"open","ping_status":"open","sticky":false,"template":"","format":"standard","meta":{"footnotes":""},"categories":[1],"tags":[],"class_list":["post-3516","post","type-post","status-publish","format-standard","has-post-thumbnail","hentry","category-noticias"],"_links":{"self":[{"href":"http:\/\/www.santaana.gob.ar\/home\/wp-json\/wp\/v2\/posts\/3516","targetHints":{"allow":["GET"]}}],"collection":[{"href":"http:\/\/www.santaana.gob.ar\/home\/wp-json\/wp\/v2\/posts"}],"about":[{"href":"http:\/\/www.santaana.gob.ar\/home\/wp-json\/wp\/v2\/types\/post"}],"author":[{"embeddable":true,"href":"http:\/\/www.santaana.gob.ar\/home\/wp-json\/wp\/v2\/users\/1"}],"replies":[{"embeddable":true,"href":"http:\/\/www.santaana.gob.ar\/home\/wp-json\/wp\/v2\/comments?post=3516"}],"version-history":[{"count":1,"href":"http:\/\/www.santaana.gob.ar\/home\/wp-json\/wp\/v2\/posts\/3516\/revisions"}],"predecessor-version":[{"id":3518,"href":"http:\/\/www.santaana.gob.ar\/home\/wp-json\/wp\/v2\/posts\/3516\/revisions\/3518"}],"wp:featuredmedia":[{"embeddable":true,"href":"http:\/\/www.santaana.gob.ar\/home\/wp-json\/wp\/v2\/media\/3517"}],"wp:attachment":[{"href":"http:\/\/www.santaana.gob.ar\/home\/wp-json\/wp\/v2\/media?parent=3516"}],"wp:term":[{"taxonomy":"category","embeddable":true,"href":"http:\/\/www.santaana.gob.ar\/home\/wp-json\/wp\/v2\/categories?post=3516"},{"taxonomy":"post_tag","embeddable":true,"href":"http:\/\/www.santaana.gob.ar\/home\/wp-json\/wp\/v2\/tags?post=3516"}],"curies":[{"name":"wp","href":"https:\/\/api.w.org\/{rel}","templated":true}]}}