{"id":3510,"date":"2023-08-28T18:11:13","date_gmt":"2023-08-28T18:11:13","guid":{"rendered":"http:\/\/www.santaana.gob.ar\/home\/?p=3510"},"modified":"2023-08-28T18:11:59","modified_gmt":"2023-08-28T18:11:59","slug":"encuentro-amistoso-de-ajedrez","status":"publish","type":"post","link":"http:\/\/www.santaana.gob.ar\/home\/2023\/08\/28\/encuentro-amistoso-de-ajedrez\/","title":{"rendered":"ENCUENTRO AMISTOSO DE AJEDREZ"},"content":{"rendered":"<p>El torneo se llev\u00f3 a cabo este domingo 27 de agosto en nuestra ciudad donde participaron m\u00e1s de 40 chicos de Villa del Rosario, Chajar\u00ed y de Santa Ana.<br \/>\n\u25aa\ufe0f La actividad fue organizada por el \u00c1rea de Deportes de la Municipalidad y la misma finaliz\u00f3 con un almuerzo, momento de disfrutar y compartir.<br \/>\n\ud83d\ude4c \u00a1Gracias a todos los que participaron!<\/p>\n","protected":false},"excerpt":{"rendered":"<p>El torneo se llev\u00f3 a cabo este domingo 27 de agosto en nuestra ciudad donde participaron m\u00e1s de 40 chicos de Villa del Rosario, Chajar\u00ed y de Santa Ana. \u25aa\ufe0f La actividad fue organizada por el \u00c1rea de Deportes de la Municipalidad y la misma finaliz\u00f3 con un almuerzo, momento de disfrutar y compartir. \ud83d\ude4c<a class=\"moretag\" href=\"http:\/\/www.santaana.gob.ar\/home\/2023\/08\/28\/encuentro-amistoso-de-ajedrez\/\"><span class=\"screen-reader-text\">Leer m\u00e1s sobre ENCUENTRO AMISTOSO DE AJEDREZ<\/span>[&#8230;]<\/a><\/p>\n","protected":false},"author":1,"featured_media":3512,"comment_status":"open","ping_status":"open","sticky":false,"template":"","format":"standard","meta":{"footnotes":""},"categories":[1],"tags":[],"class_list":["post-3510","post","type-post","status-publish","format-standard","has-post-thumbnail","hentry","category-noticias"],"_links":{"self":[{"href":"http:\/\/www.santaana.gob.ar\/home\/wp-json\/wp\/v2\/posts\/3510","targetHints":{"allow":["GET"]}}],"collection":[{"href":"http:\/\/www.santaana.gob.ar\/home\/wp-json\/wp\/v2\/posts"}],"about":[{"href":"http:\/\/www.santaana.gob.ar\/home\/wp-json\/wp\/v2\/types\/post"}],"author":[{"embeddable":true,"href":"http:\/\/www.santaana.gob.ar\/home\/wp-json\/wp\/v2\/users\/1"}],"replies":[{"embeddable":true,"href":"http:\/\/www.santaana.gob.ar\/home\/wp-json\/wp\/v2\/comments?post=3510"}],"version-history":[{"count":1,"href":"http:\/\/www.santaana.gob.ar\/home\/wp-json\/wp\/v2\/posts\/3510\/revisions"}],"predecessor-version":[{"id":3511,"href":"http:\/\/www.santaana.gob.ar\/home\/wp-json\/wp\/v2\/posts\/3510\/revisions\/3511"}],"wp:featuredmedia":[{"embeddable":true,"href":"http:\/\/www.santaana.gob.ar\/home\/wp-json\/wp\/v2\/media\/3512"}],"wp:attachment":[{"href":"http:\/\/www.santaana.gob.ar\/home\/wp-json\/wp\/v2\/media?parent=3510"}],"wp:term":[{"taxonomy":"category","embeddable":true,"href":"http:\/\/www.santaana.gob.ar\/home\/wp-json\/wp\/v2\/categories?post=3510"},{"taxonomy":"post_tag","embeddable":true,"href":"http:\/\/www.santaana.gob.ar\/home\/wp-json\/wp\/v2\/tags?post=3510"}],"curies":[{"name":"wp","href":"https:\/\/api.w.org\/{rel}","templated":true}]}}