{"id":3508,"date":"2023-08-28T18:08:55","date_gmt":"2023-08-28T18:08:55","guid":{"rendered":"http:\/\/www.santaana.gob.ar\/home\/?p=3508"},"modified":"2023-08-28T18:08:55","modified_gmt":"2023-08-28T18:08:55","slug":"cronograma-de-recoleccion-de-residuos-y-ramas-2","status":"publish","type":"post","link":"http:\/\/www.santaana.gob.ar\/home\/2023\/08\/28\/cronograma-de-recoleccion-de-residuos-y-ramas-2\/","title":{"rendered":"CRONOGRAMA DE RECOLECCI\u00d3N DE RESIDUOS Y RAMAS"},"content":{"rendered":"<p>La Direcci\u00f3n de Obras y Servicios P\u00fablicos de la Municipalidad de Santa Ana informa el cronograma para mantener limpia y ordenada nuestra ciudad, agend\u00e1.<br \/>\nLunes, mi\u00e9rcoles y viernes, de 7 a 9 horas, se lleva a cabo la recolecci\u00f3n de residuos domiciliarios. Record\u00e1 separar los residuos en org\u00e1nicos, inorg\u00e1nicos y sanitarios.<br \/>\nDe lunes a viernes se realiza la recolecci\u00f3n de ramas y hojas.<br \/>\nOrganizarnos de manera conjunta es mejor para todos.<\/p>\n","protected":false},"excerpt":{"rendered":"<p>La Direcci\u00f3n de Obras y Servicios P\u00fablicos de la Municipalidad de Santa Ana informa el cronograma para mantener limpia y ordenada nuestra ciudad, agend\u00e1. Lunes, mi\u00e9rcoles y viernes, de 7 a 9 horas, se lleva a cabo la recolecci\u00f3n de residuos domiciliarios. Record\u00e1 separar los residuos en org\u00e1nicos, inorg\u00e1nicos y sanitarios. De lunes a viernes<a class=\"moretag\" href=\"http:\/\/www.santaana.gob.ar\/home\/2023\/08\/28\/cronograma-de-recoleccion-de-residuos-y-ramas-2\/\"><span class=\"screen-reader-text\">Leer m\u00e1s sobre CRONOGRAMA DE RECOLECCI\u00d3N DE RESIDUOS Y RAMAS<\/span>[&#8230;]<\/a><\/p>\n","protected":false},"author":1,"featured_media":3473,"comment_status":"open","ping_status":"open","sticky":false,"template":"","format":"standard","meta":{"footnotes":""},"categories":[1],"tags":[],"class_list":["post-3508","post","type-post","status-publish","format-standard","has-post-thumbnail","hentry","category-noticias"],"_links":{"self":[{"href":"http:\/\/www.santaana.gob.ar\/home\/wp-json\/wp\/v2\/posts\/3508","targetHints":{"allow":["GET"]}}],"collection":[{"href":"http:\/\/www.santaana.gob.ar\/home\/wp-json\/wp\/v2\/posts"}],"about":[{"href":"http:\/\/www.santaana.gob.ar\/home\/wp-json\/wp\/v2\/types\/post"}],"author":[{"embeddable":true,"href":"http:\/\/www.santaana.gob.ar\/home\/wp-json\/wp\/v2\/users\/1"}],"replies":[{"embeddable":true,"href":"http:\/\/www.santaana.gob.ar\/home\/wp-json\/wp\/v2\/comments?post=3508"}],"version-history":[{"count":1,"href":"http:\/\/www.santaana.gob.ar\/home\/wp-json\/wp\/v2\/posts\/3508\/revisions"}],"predecessor-version":[{"id":3509,"href":"http:\/\/www.santaana.gob.ar\/home\/wp-json\/wp\/v2\/posts\/3508\/revisions\/3509"}],"wp:featuredmedia":[{"embeddable":true,"href":"http:\/\/www.santaana.gob.ar\/home\/wp-json\/wp\/v2\/media\/3473"}],"wp:attachment":[{"href":"http:\/\/www.santaana.gob.ar\/home\/wp-json\/wp\/v2\/media?parent=3508"}],"wp:term":[{"taxonomy":"category","embeddable":true,"href":"http:\/\/www.santaana.gob.ar\/home\/wp-json\/wp\/v2\/categories?post=3508"},{"taxonomy":"post_tag","embeddable":true,"href":"http:\/\/www.santaana.gob.ar\/home\/wp-json\/wp\/v2\/tags?post=3508"}],"curies":[{"name":"wp","href":"https:\/\/api.w.org\/{rel}","templated":true}]}}