{"id":342,"date":"2017-11-16T15:35:32","date_gmt":"2017-11-16T15:35:32","guid":{"rendered":"http:\/\/www.santaana.gob.ar\/home\/?p=342"},"modified":"2017-11-16T16:18:11","modified_gmt":"2017-11-16T16:18:11","slug":"llamado-a-licitacion-publica-2","status":"publish","type":"post","link":"http:\/\/www.santaana.gob.ar\/home\/2017\/11\/16\/llamado-a-licitacion-publica-2\/","title":{"rendered":"Llamado a Licitaci\u00f3n p\u00fablica"},"content":{"rendered":"<p>La Municipalidad de Santa Ana dispone el llamado a Licitaci\u00f3n P\u00fablica a la que se le asignar\u00e1 el N\u00ba 13\/2017, con el objeto de adjudicar la provisi\u00f3n de un autoelevador usado en buen estado de funcionamiento, modelo \u2013 a\u00f1o de fabricaci\u00f3n de 2012 en adelante, motor diesel, tracci\u00f3n delantera y dem\u00e1s caracter\u00edsticas y especificaciones t\u00e9cnicas se encuentran detalladas en los pliegos licitatorios<br \/>\nSe fija el d\u00eda Jueves 30 de Noviembre de 2017 a las 11,00 hs. para la apertura de los sobres de la presente Licitaci\u00f3n<\/p>\n<p>Descargar pliego<\/p>\n<p><a href=\"http:\/\/www.santaana.gob.ar\/home\/wp-content\/uploads\/2017\/11\/Tapa97.pdf\">Tapa<\/a><\/p>\n<p><a href=\"http:\/\/www.santaana.gob.ar\/home\/wp-content\/uploads\/2017\/11\/Decreto97.pdf\">Decreto<\/a><\/p>\n<p><a href=\"http:\/\/www.santaana.gob.ar\/home\/wp-content\/uploads\/2017\/11\/Pliegospar97.pdf\">Pliegos Particulares<\/a><\/p>\n<p><a href=\"http:\/\/www.santaana.gob.ar\/home\/wp-content\/uploads\/2017\/11\/Pliegos_Generales97.pdf\">Pliegos Generales<\/a><\/p>\n","protected":false},"excerpt":{"rendered":"<p>La Municipalidad de Santa Ana dispone el llamado a Licitaci\u00f3n P\u00fablica a la que se le asignar\u00e1 el N\u00ba 13\/2017, con el objeto de adjudicar la provisi\u00f3n de un autoelevador usado en buen estado de funcionamiento, modelo \u2013 a\u00f1o de fabricaci\u00f3n de 2012 en adelante, motor diesel, tracci\u00f3n delantera y dem\u00e1s caracter\u00edsticas y especificaciones t\u00e9cnicas<a class=\"moretag\" href=\"http:\/\/www.santaana.gob.ar\/home\/2017\/11\/16\/llamado-a-licitacion-publica-2\/\"><span class=\"screen-reader-text\">Leer m\u00e1s sobre Llamado a Licitaci\u00f3n p\u00fablica<\/span>[&#8230;]<\/a><\/p>\n","protected":false},"author":1,"featured_media":343,"comment_status":"open","ping_status":"open","sticky":false,"template":"","format":"standard","meta":{"footnotes":""},"categories":[1],"tags":[],"class_list":["post-342","post","type-post","status-publish","format-standard","has-post-thumbnail","hentry","category-noticias"],"_links":{"self":[{"href":"http:\/\/www.santaana.gob.ar\/home\/wp-json\/wp\/v2\/posts\/342","targetHints":{"allow":["GET"]}}],"collection":[{"href":"http:\/\/www.santaana.gob.ar\/home\/wp-json\/wp\/v2\/posts"}],"about":[{"href":"http:\/\/www.santaana.gob.ar\/home\/wp-json\/wp\/v2\/types\/post"}],"author":[{"embeddable":true,"href":"http:\/\/www.santaana.gob.ar\/home\/wp-json\/wp\/v2\/users\/1"}],"replies":[{"embeddable":true,"href":"http:\/\/www.santaana.gob.ar\/home\/wp-json\/wp\/v2\/comments?post=342"}],"version-history":[{"count":4,"href":"http:\/\/www.santaana.gob.ar\/home\/wp-json\/wp\/v2\/posts\/342\/revisions"}],"predecessor-version":[{"id":351,"href":"http:\/\/www.santaana.gob.ar\/home\/wp-json\/wp\/v2\/posts\/342\/revisions\/351"}],"wp:featuredmedia":[{"embeddable":true,"href":"http:\/\/www.santaana.gob.ar\/home\/wp-json\/wp\/v2\/media\/343"}],"wp:attachment":[{"href":"http:\/\/www.santaana.gob.ar\/home\/wp-json\/wp\/v2\/media?parent=342"}],"wp:term":[{"taxonomy":"category","embeddable":true,"href":"http:\/\/www.santaana.gob.ar\/home\/wp-json\/wp\/v2\/categories?post=342"},{"taxonomy":"post_tag","embeddable":true,"href":"http:\/\/www.santaana.gob.ar\/home\/wp-json\/wp\/v2\/tags?post=342"}],"curies":[{"name":"wp","href":"https:\/\/api.w.org\/{rel}","templated":true}]}}