{"id":3330,"date":"2023-05-30T11:29:21","date_gmt":"2023-05-30T11:29:21","guid":{"rendered":"http:\/\/www.santaana.gob.ar\/home\/?p=3330"},"modified":"2023-05-30T11:29:21","modified_gmt":"2023-05-30T11:29:21","slug":"celebramos-con-nuestros-jardineritos","status":"publish","type":"post","link":"http:\/\/www.santaana.gob.ar\/home\/2023\/05\/30\/celebramos-con-nuestros-jardineritos\/","title":{"rendered":"CELEBRAMOS CON NUESTROS JARDINERITOS"},"content":{"rendered":"<p>Este lunes 29 de mayo, en el Centro Cultural Municipal, estuvimos de festejos con el Jard\u00edn Maternal Municipal \u00abMiguitas de Ternura\u00bb. El motivo fue del D\u00eda de los Jardines de Infantes y de las Maestras Jardineras que se conmemor\u00f3 ayer, 28 de mayo.<br \/>\nAll\u00ed compartimos un gran momento con mucha diversi\u00f3n donde los m\u00e1s peque\u00f1os pudieron disfrutar de juegos y un show de magia.<br \/>\nNos visitaron adem\u00e1s los jardines de nivel inicial de las Escuelas N\u00b053, Escuela N\u00b04, Escuela N\u00b016 y Escuela N\u00b010.<\/p>\n","protected":false},"excerpt":{"rendered":"<p>Este lunes 29 de mayo, en el Centro Cultural Municipal, estuvimos de festejos con el Jard\u00edn Maternal Municipal \u00abMiguitas de Ternura\u00bb. El motivo fue del D\u00eda de los Jardines de Infantes y de las Maestras Jardineras que se conmemor\u00f3 ayer, 28 de mayo. All\u00ed compartimos un gran momento con mucha diversi\u00f3n donde los m\u00e1s peque\u00f1os<a class=\"moretag\" href=\"http:\/\/www.santaana.gob.ar\/home\/2023\/05\/30\/celebramos-con-nuestros-jardineritos\/\"><span class=\"screen-reader-text\">Leer m\u00e1s sobre CELEBRAMOS CON NUESTROS JARDINERITOS<\/span>[&#8230;]<\/a><\/p>\n","protected":false},"author":1,"featured_media":3331,"comment_status":"open","ping_status":"open","sticky":false,"template":"","format":"standard","meta":{"footnotes":""},"categories":[1],"tags":[],"class_list":["post-3330","post","type-post","status-publish","format-standard","has-post-thumbnail","hentry","category-noticias"],"_links":{"self":[{"href":"http:\/\/www.santaana.gob.ar\/home\/wp-json\/wp\/v2\/posts\/3330","targetHints":{"allow":["GET"]}}],"collection":[{"href":"http:\/\/www.santaana.gob.ar\/home\/wp-json\/wp\/v2\/posts"}],"about":[{"href":"http:\/\/www.santaana.gob.ar\/home\/wp-json\/wp\/v2\/types\/post"}],"author":[{"embeddable":true,"href":"http:\/\/www.santaana.gob.ar\/home\/wp-json\/wp\/v2\/users\/1"}],"replies":[{"embeddable":true,"href":"http:\/\/www.santaana.gob.ar\/home\/wp-json\/wp\/v2\/comments?post=3330"}],"version-history":[{"count":1,"href":"http:\/\/www.santaana.gob.ar\/home\/wp-json\/wp\/v2\/posts\/3330\/revisions"}],"predecessor-version":[{"id":3332,"href":"http:\/\/www.santaana.gob.ar\/home\/wp-json\/wp\/v2\/posts\/3330\/revisions\/3332"}],"wp:featuredmedia":[{"embeddable":true,"href":"http:\/\/www.santaana.gob.ar\/home\/wp-json\/wp\/v2\/media\/3331"}],"wp:attachment":[{"href":"http:\/\/www.santaana.gob.ar\/home\/wp-json\/wp\/v2\/media?parent=3330"}],"wp:term":[{"taxonomy":"category","embeddable":true,"href":"http:\/\/www.santaana.gob.ar\/home\/wp-json\/wp\/v2\/categories?post=3330"},{"taxonomy":"post_tag","embeddable":true,"href":"http:\/\/www.santaana.gob.ar\/home\/wp-json\/wp\/v2\/tags?post=3330"}],"curies":[{"name":"wp","href":"https:\/\/api.w.org\/{rel}","templated":true}]}}