{"id":3316,"date":"2023-05-29T21:16:44","date_gmt":"2023-05-29T21:16:44","guid":{"rendered":"http:\/\/www.santaana.gob.ar\/home\/?p=3316"},"modified":"2023-05-29T21:16:44","modified_gmt":"2023-05-29T21:16:44","slug":"licitacion-publica-no-05-2023","status":"publish","type":"post","link":"http:\/\/www.santaana.gob.ar\/home\/2023\/05\/29\/licitacion-publica-no-05-2023\/","title":{"rendered":"LICITACI\u00d3N P\u00daBLICA N\u00ba 05\/2023"},"content":{"rendered":"<p>La Municipalidad de Santa Ana, provincia de Entre R\u00edos, dispone el llamado a LICITACION P\u00daBLICA N\u00ba 05\/2023 para la venta de una fracci\u00f3n de terreno bald\u00edo, seg\u00fan plano de mensura N\u00ba 38.568 a\u00f1o 2013, con superficie de 13.000 metros cuadrados ubicado sobre calle Costanera \u00abLos Sauces y Ram\u00f3n Beguiristain.<br \/>\nDispone el d\u00eda viernes 09 de junio 2023, 10:00 hs la fecha y hora para la apertura de los sobres correspondientes a la licitaci\u00f3n dispuesta por la presente.-<br \/>\n<b>DESCARGAR PLIEGOS<\/b><br \/>\n<a href=\"http:\/\/www.santaana.gob.ar\/Licitaciones\/LicPub052023\/dec.pdf\">Decreto<\/a><br \/>\n<a href=\"http:\/\/www.santaana.gob.ar\/Licitaciones\/LicPub052023\/orde.pdf\">Ordenanza<\/a><br \/>\n<a href=\"http:\/\/www.santaana.gob.ar\/Licitaciones\/LicPub052023\/generales.pdf\">Pliegos condiciones Generales<\/a><br \/>\n<a href=\"http:\/\/www.santaana.gob.ar\/Licitaciones\/LicPub052023\/particulares.pdf\">Pliegos condiciones Particulares<\/a><br \/>\n<a href=\"http:\/\/www.santaana.gob.ar\/Licitaciones\/LicPub052023\/cotizacion.pdf\">Planilla cotizaci\u00f3n PDF<\/a><br \/>\n<a href=\"http:\/\/www.santaana.gob.ar\/Licitaciones\/LicPub052023\/cotizacion.xlsx\">Planilla cotizaci\u00f3n Excel<\/a><\/p>\n","protected":false},"excerpt":{"rendered":"<p>La Municipalidad de Santa Ana, provincia de Entre R\u00edos, dispone el llamado a LICITACION P\u00daBLICA N\u00ba 05\/2023 para la venta de una fracci\u00f3n de terreno bald\u00edo, seg\u00fan plano de mensura N\u00ba 38.568 a\u00f1o 2013, con superficie de 13.000 metros cuadrados ubicado sobre calle Costanera \u00abLos Sauces y Ram\u00f3n Beguiristain. Dispone el d\u00eda viernes 09 de<a class=\"moretag\" href=\"http:\/\/www.santaana.gob.ar\/home\/2023\/05\/29\/licitacion-publica-no-05-2023\/\"><span class=\"screen-reader-text\">Leer m\u00e1s sobre LICITACI\u00d3N P\u00daBLICA N\u00ba 05\/2023<\/span>[&#8230;]<\/a><\/p>\n","protected":false},"author":1,"featured_media":1153,"comment_status":"open","ping_status":"open","sticky":false,"template":"","format":"standard","meta":{"footnotes":""},"categories":[1],"tags":[],"class_list":["post-3316","post","type-post","status-publish","format-standard","has-post-thumbnail","hentry","category-noticias"],"_links":{"self":[{"href":"http:\/\/www.santaana.gob.ar\/home\/wp-json\/wp\/v2\/posts\/3316","targetHints":{"allow":["GET"]}}],"collection":[{"href":"http:\/\/www.santaana.gob.ar\/home\/wp-json\/wp\/v2\/posts"}],"about":[{"href":"http:\/\/www.santaana.gob.ar\/home\/wp-json\/wp\/v2\/types\/post"}],"author":[{"embeddable":true,"href":"http:\/\/www.santaana.gob.ar\/home\/wp-json\/wp\/v2\/users\/1"}],"replies":[{"embeddable":true,"href":"http:\/\/www.santaana.gob.ar\/home\/wp-json\/wp\/v2\/comments?post=3316"}],"version-history":[{"count":1,"href":"http:\/\/www.santaana.gob.ar\/home\/wp-json\/wp\/v2\/posts\/3316\/revisions"}],"predecessor-version":[{"id":3318,"href":"http:\/\/www.santaana.gob.ar\/home\/wp-json\/wp\/v2\/posts\/3316\/revisions\/3318"}],"wp:featuredmedia":[{"embeddable":true,"href":"http:\/\/www.santaana.gob.ar\/home\/wp-json\/wp\/v2\/media\/1153"}],"wp:attachment":[{"href":"http:\/\/www.santaana.gob.ar\/home\/wp-json\/wp\/v2\/media?parent=3316"}],"wp:term":[{"taxonomy":"category","embeddable":true,"href":"http:\/\/www.santaana.gob.ar\/home\/wp-json\/wp\/v2\/categories?post=3316"},{"taxonomy":"post_tag","embeddable":true,"href":"http:\/\/www.santaana.gob.ar\/home\/wp-json\/wp\/v2\/tags?post=3316"}],"curies":[{"name":"wp","href":"https:\/\/api.w.org\/{rel}","templated":true}]}}