{"id":3312,"date":"2023-05-24T14:47:53","date_gmt":"2023-05-24T14:47:53","guid":{"rendered":"http:\/\/www.santaana.gob.ar\/home\/?p=3312"},"modified":"2023-05-24T14:47:53","modified_gmt":"2023-05-24T14:47:53","slug":"este-viernes-habra-recoleccion-de-residuos","status":"publish","type":"post","link":"http:\/\/www.santaana.gob.ar\/home\/2023\/05\/24\/este-viernes-habra-recoleccion-de-residuos\/","title":{"rendered":"ESTE VIERNES HABR\u00c1 RECOLECCI\u00d3N DE RESIDUOS"},"content":{"rendered":"<p>La Direcci\u00f3n de Obras y Servicios P\u00fablicos de la Municipalidad de Santa Ana informa que este viernes 26 de mayo,  feriado tur\u00edstico, la recolecci\u00f3n de residuos se llevar\u00e1 a cabo de manera habitual.<br \/>\nAgradecemos la colaboraci\u00f3n de todos los vecinos<\/p>\n","protected":false},"excerpt":{"rendered":"<p>La Direcci\u00f3n de Obras y Servicios P\u00fablicos de la Municipalidad de Santa Ana informa que este viernes 26 de mayo, feriado tur\u00edstico, la recolecci\u00f3n de residuos se llevar\u00e1 a cabo de manera habitual. Agradecemos la colaboraci\u00f3n de todos los vecinos<\/p>\n","protected":false},"author":1,"featured_media":3258,"comment_status":"open","ping_status":"open","sticky":false,"template":"","format":"standard","meta":{"footnotes":""},"categories":[1],"tags":[],"class_list":["post-3312","post","type-post","status-publish","format-standard","has-post-thumbnail","hentry","category-noticias"],"_links":{"self":[{"href":"http:\/\/www.santaana.gob.ar\/home\/wp-json\/wp\/v2\/posts\/3312","targetHints":{"allow":["GET"]}}],"collection":[{"href":"http:\/\/www.santaana.gob.ar\/home\/wp-json\/wp\/v2\/posts"}],"about":[{"href":"http:\/\/www.santaana.gob.ar\/home\/wp-json\/wp\/v2\/types\/post"}],"author":[{"embeddable":true,"href":"http:\/\/www.santaana.gob.ar\/home\/wp-json\/wp\/v2\/users\/1"}],"replies":[{"embeddable":true,"href":"http:\/\/www.santaana.gob.ar\/home\/wp-json\/wp\/v2\/comments?post=3312"}],"version-history":[{"count":1,"href":"http:\/\/www.santaana.gob.ar\/home\/wp-json\/wp\/v2\/posts\/3312\/revisions"}],"predecessor-version":[{"id":3313,"href":"http:\/\/www.santaana.gob.ar\/home\/wp-json\/wp\/v2\/posts\/3312\/revisions\/3313"}],"wp:featuredmedia":[{"embeddable":true,"href":"http:\/\/www.santaana.gob.ar\/home\/wp-json\/wp\/v2\/media\/3258"}],"wp:attachment":[{"href":"http:\/\/www.santaana.gob.ar\/home\/wp-json\/wp\/v2\/media?parent=3312"}],"wp:term":[{"taxonomy":"category","embeddable":true,"href":"http:\/\/www.santaana.gob.ar\/home\/wp-json\/wp\/v2\/categories?post=3312"},{"taxonomy":"post_tag","embeddable":true,"href":"http:\/\/www.santaana.gob.ar\/home\/wp-json\/wp\/v2\/tags?post=3312"}],"curies":[{"name":"wp","href":"https:\/\/api.w.org\/{rel}","templated":true}]}}