{"id":3305,"date":"2023-05-19T18:08:37","date_gmt":"2023-05-19T18:08:37","guid":{"rendered":"http:\/\/www.santaana.gob.ar\/home\/?p=3305"},"modified":"2023-05-19T18:08:43","modified_gmt":"2023-05-19T18:08:43","slug":"obra-de-recuperacion-y-proteccion-de-costas","status":"publish","type":"post","link":"http:\/\/www.santaana.gob.ar\/home\/2023\/05\/19\/obra-de-recuperacion-y-proteccion-de-costas\/","title":{"rendered":"OBRA DE RECUPERACI\u00d3N Y PROTECCI\u00d3N DE COSTAS"},"content":{"rendered":"<p>AVANZA LA OBRA DE RECUPERACI\u00d3N Y PROTECCI\u00d3N DE COSTAS EN SANTA ANA<br \/>\n\u25aa\ufe0f El Intendente Rogelio Zanandrea estuvo recorriendo, junto al presidente de la Delegaci\u00f3n Argentina de la Comisi\u00f3n T\u00e9cnica Mixta de Salto Grande, Ing. Luis Benedetto, las obras de refuerzos del espig\u00f3n y de recuperaci\u00f3n de defensas en el camping municipal y Destacamento Mandisov\u00ed de Prefectura Naval Argentina, que avanzan a muy buen ritmo.<br \/>\n\u25aa\ufe0f Esta obra es financiada por la Comisi\u00f3n T\u00e9cnica Mixta de Salto Grande y ejecutada por la empresa Jos\u00e9 Pit\u00f3n S.A, con un plazo de ejecuci\u00f3n de 6 meses.<\/p>\n","protected":false},"excerpt":{"rendered":"<p>AVANZA LA OBRA DE RECUPERACI\u00d3N Y PROTECCI\u00d3N DE COSTAS EN SANTA ANA \u25aa\ufe0f El Intendente Rogelio Zanandrea estuvo recorriendo, junto al presidente de la Delegaci\u00f3n Argentina de la Comisi\u00f3n T\u00e9cnica Mixta de Salto Grande, Ing. Luis Benedetto, las obras de refuerzos del espig\u00f3n y de recuperaci\u00f3n de defensas en el camping municipal y Destacamento Mandisov\u00ed<a class=\"moretag\" href=\"http:\/\/www.santaana.gob.ar\/home\/2023\/05\/19\/obra-de-recuperacion-y-proteccion-de-costas\/\"><span class=\"screen-reader-text\">Leer m\u00e1s sobre OBRA DE RECUPERACI\u00d3N Y PROTECCI\u00d3N DE COSTAS<\/span>[&#8230;]<\/a><\/p>\n","protected":false},"author":1,"featured_media":3306,"comment_status":"open","ping_status":"open","sticky":false,"template":"","format":"standard","meta":{"footnotes":""},"categories":[1],"tags":[],"class_list":["post-3305","post","type-post","status-publish","format-standard","has-post-thumbnail","hentry","category-noticias"],"_links":{"self":[{"href":"http:\/\/www.santaana.gob.ar\/home\/wp-json\/wp\/v2\/posts\/3305","targetHints":{"allow":["GET"]}}],"collection":[{"href":"http:\/\/www.santaana.gob.ar\/home\/wp-json\/wp\/v2\/posts"}],"about":[{"href":"http:\/\/www.santaana.gob.ar\/home\/wp-json\/wp\/v2\/types\/post"}],"author":[{"embeddable":true,"href":"http:\/\/www.santaana.gob.ar\/home\/wp-json\/wp\/v2\/users\/1"}],"replies":[{"embeddable":true,"href":"http:\/\/www.santaana.gob.ar\/home\/wp-json\/wp\/v2\/comments?post=3305"}],"version-history":[{"count":2,"href":"http:\/\/www.santaana.gob.ar\/home\/wp-json\/wp\/v2\/posts\/3305\/revisions"}],"predecessor-version":[{"id":3308,"href":"http:\/\/www.santaana.gob.ar\/home\/wp-json\/wp\/v2\/posts\/3305\/revisions\/3308"}],"wp:featuredmedia":[{"embeddable":true,"href":"http:\/\/www.santaana.gob.ar\/home\/wp-json\/wp\/v2\/media\/3306"}],"wp:attachment":[{"href":"http:\/\/www.santaana.gob.ar\/home\/wp-json\/wp\/v2\/media?parent=3305"}],"wp:term":[{"taxonomy":"category","embeddable":true,"href":"http:\/\/www.santaana.gob.ar\/home\/wp-json\/wp\/v2\/categories?post=3305"},{"taxonomy":"post_tag","embeddable":true,"href":"http:\/\/www.santaana.gob.ar\/home\/wp-json\/wp\/v2\/tags?post=3305"}],"curies":[{"name":"wp","href":"https:\/\/api.w.org\/{rel}","templated":true}]}}