{"id":3303,"date":"2023-05-19T18:06:47","date_gmt":"2023-05-19T18:06:47","guid":{"rendered":"http:\/\/www.santaana.gob.ar\/home\/?p=3303"},"modified":"2023-05-19T18:06:47","modified_gmt":"2023-05-19T18:06:47","slug":"taller-de-danzas-folcloricas-cambia-de-dia","status":"publish","type":"post","link":"http:\/\/www.santaana.gob.ar\/home\/2023\/05\/19\/taller-de-danzas-folcloricas-cambia-de-dia\/","title":{"rendered":"TALLER DE DANZAS FOLCL\u00d3RICAS CAMBIA DE D\u00cdA"},"content":{"rendered":"<p>La Direcci\u00f3n de Cultura y Turismo de la Municipalidad de Santa Ana informa que el Taller de Danzas Folcl\u00f3ricas cambia su d\u00eda, y comenzar\u00e1 a dictarse, a partir de la semana, que viene los lunes.<br \/>\nAgend\u00e1 los d\u00edas y horarios \ud83d\udc47<br \/>\nPara chicos de 5 a 12 a\u00f1os<br \/>\n\ud83d\udcc6 Lunes<br \/>\n\ud83d\udd53 18.30 a 20 horas<br \/>\n\ud83d\udccd Centro Cultural Municipal<br \/>\nPara adolescentes y adultos<br \/>\n\ud83d\udcc6 Lunes<br \/>\n\ud83d\udd53 20 a 22 horas<br \/>\n\ud83d\udccd Centro Cultural Municipal<\/p>\n","protected":false},"excerpt":{"rendered":"<p>La Direcci\u00f3n de Cultura y Turismo de la Municipalidad de Santa Ana informa que el Taller de Danzas Folcl\u00f3ricas cambia su d\u00eda, y comenzar\u00e1 a dictarse, a partir de la semana, que viene los lunes. Agend\u00e1 los d\u00edas y horarios \ud83d\udc47 Para chicos de 5 a 12 a\u00f1os \ud83d\udcc6 Lunes \ud83d\udd53 18.30 a 20 horas<a class=\"moretag\" href=\"http:\/\/www.santaana.gob.ar\/home\/2023\/05\/19\/taller-de-danzas-folcloricas-cambia-de-dia\/\"><span class=\"screen-reader-text\">Leer m\u00e1s sobre TALLER DE DANZAS FOLCL\u00d3RICAS CAMBIA DE D\u00cdA<\/span>[&#8230;]<\/a><\/p>\n","protected":false},"author":1,"featured_media":3285,"comment_status":"open","ping_status":"open","sticky":false,"template":"","format":"standard","meta":{"footnotes":""},"categories":[1],"tags":[],"class_list":["post-3303","post","type-post","status-publish","format-standard","has-post-thumbnail","hentry","category-noticias"],"_links":{"self":[{"href":"http:\/\/www.santaana.gob.ar\/home\/wp-json\/wp\/v2\/posts\/3303","targetHints":{"allow":["GET"]}}],"collection":[{"href":"http:\/\/www.santaana.gob.ar\/home\/wp-json\/wp\/v2\/posts"}],"about":[{"href":"http:\/\/www.santaana.gob.ar\/home\/wp-json\/wp\/v2\/types\/post"}],"author":[{"embeddable":true,"href":"http:\/\/www.santaana.gob.ar\/home\/wp-json\/wp\/v2\/users\/1"}],"replies":[{"embeddable":true,"href":"http:\/\/www.santaana.gob.ar\/home\/wp-json\/wp\/v2\/comments?post=3303"}],"version-history":[{"count":1,"href":"http:\/\/www.santaana.gob.ar\/home\/wp-json\/wp\/v2\/posts\/3303\/revisions"}],"predecessor-version":[{"id":3304,"href":"http:\/\/www.santaana.gob.ar\/home\/wp-json\/wp\/v2\/posts\/3303\/revisions\/3304"}],"wp:featuredmedia":[{"embeddable":true,"href":"http:\/\/www.santaana.gob.ar\/home\/wp-json\/wp\/v2\/media\/3285"}],"wp:attachment":[{"href":"http:\/\/www.santaana.gob.ar\/home\/wp-json\/wp\/v2\/media?parent=3303"}],"wp:term":[{"taxonomy":"category","embeddable":true,"href":"http:\/\/www.santaana.gob.ar\/home\/wp-json\/wp\/v2\/categories?post=3303"},{"taxonomy":"post_tag","embeddable":true,"href":"http:\/\/www.santaana.gob.ar\/home\/wp-json\/wp\/v2\/tags?post=3303"}],"curies":[{"name":"wp","href":"https:\/\/api.w.org\/{rel}","templated":true}]}}