{"id":3297,"date":"2023-05-16T23:44:48","date_gmt":"2023-05-16T23:44:48","guid":{"rendered":"http:\/\/www.santaana.gob.ar\/home\/?p=3297"},"modified":"2023-05-16T23:44:48","modified_gmt":"2023-05-16T23:44:48","slug":"se-firmo-el-acta-del-inicio-de-obra-para-las-termas","status":"publish","type":"post","link":"http:\/\/www.santaana.gob.ar\/home\/2023\/05\/16\/se-firmo-el-acta-del-inicio-de-obra-para-las-termas\/","title":{"rendered":"SE FIRM\u00d3 EL ACTA DEL INICIO DE OBRA PARA LAS TERMAS"},"content":{"rendered":"<p>En la jornada de este martes 16 de mayo, en el edificio municipal de nuestra ciudad, se firm\u00f3 el Acta de Inicio de Obra para la Perforaci\u00f3n de Aguas Termales en Santa Ana.<br \/>\n\u25aa\ufe0f El acta fue suscripta por el Arq. Facundo Araoz, presidente de Velitec S.A, empresa que llevar\u00e1 adelante la obra, asistido por el representante T\u00e9cnico de la empresa, Ing. Maximiliano Comba y por la Municipalidad de Santa Ana su presidente Rogelio Zanandrea, asistido por el Director de obras p\u00fablicas, Cristian Scatularo.<br \/>\n\u25aa\ufe0f El Municipio, mediante este acto, hizo efectivo el anticipo financiero conforme a lo establecido en la Licitaci\u00f3n P\u00fablica N\u00b0 01\/2023.<br \/>\n\u25aa\ufe0f A partir de la firma la empresa tiene treinta d\u00edas para iniciar las tareas de cerramiento perimetral del predio y carteler\u00eda, obras de infraestructura y complementarias para circulaci\u00f3n y establecimiento de los equipos, anclajes para vientos de torre, provisi\u00f3n de agua y energ\u00eda, movilizaci\u00f3n y traslado de equipos.<\/p>\n","protected":false},"excerpt":{"rendered":"<p>En la jornada de este martes 16 de mayo, en el edificio municipal de nuestra ciudad, se firm\u00f3 el Acta de Inicio de Obra para la Perforaci\u00f3n de Aguas Termales en Santa Ana. \u25aa\ufe0f El acta fue suscripta por el Arq. Facundo Araoz, presidente de Velitec S.A, empresa que llevar\u00e1 adelante la obra, asistido por<a class=\"moretag\" href=\"http:\/\/www.santaana.gob.ar\/home\/2023\/05\/16\/se-firmo-el-acta-del-inicio-de-obra-para-las-termas\/\"><span class=\"screen-reader-text\">Leer m\u00e1s sobre SE FIRM\u00d3 EL ACTA DEL INICIO DE OBRA PARA LAS TERMAS<\/span>[&#8230;]<\/a><\/p>\n","protected":false},"author":1,"featured_media":3298,"comment_status":"open","ping_status":"open","sticky":false,"template":"","format":"standard","meta":{"footnotes":""},"categories":[1],"tags":[],"class_list":["post-3297","post","type-post","status-publish","format-standard","has-post-thumbnail","hentry","category-noticias"],"_links":{"self":[{"href":"http:\/\/www.santaana.gob.ar\/home\/wp-json\/wp\/v2\/posts\/3297","targetHints":{"allow":["GET"]}}],"collection":[{"href":"http:\/\/www.santaana.gob.ar\/home\/wp-json\/wp\/v2\/posts"}],"about":[{"href":"http:\/\/www.santaana.gob.ar\/home\/wp-json\/wp\/v2\/types\/post"}],"author":[{"embeddable":true,"href":"http:\/\/www.santaana.gob.ar\/home\/wp-json\/wp\/v2\/users\/1"}],"replies":[{"embeddable":true,"href":"http:\/\/www.santaana.gob.ar\/home\/wp-json\/wp\/v2\/comments?post=3297"}],"version-history":[{"count":1,"href":"http:\/\/www.santaana.gob.ar\/home\/wp-json\/wp\/v2\/posts\/3297\/revisions"}],"predecessor-version":[{"id":3299,"href":"http:\/\/www.santaana.gob.ar\/home\/wp-json\/wp\/v2\/posts\/3297\/revisions\/3299"}],"wp:featuredmedia":[{"embeddable":true,"href":"http:\/\/www.santaana.gob.ar\/home\/wp-json\/wp\/v2\/media\/3298"}],"wp:attachment":[{"href":"http:\/\/www.santaana.gob.ar\/home\/wp-json\/wp\/v2\/media?parent=3297"}],"wp:term":[{"taxonomy":"category","embeddable":true,"href":"http:\/\/www.santaana.gob.ar\/home\/wp-json\/wp\/v2\/categories?post=3297"},{"taxonomy":"post_tag","embeddable":true,"href":"http:\/\/www.santaana.gob.ar\/home\/wp-json\/wp\/v2\/tags?post=3297"}],"curies":[{"name":"wp","href":"https:\/\/api.w.org\/{rel}","templated":true}]}}