{"id":3290,"date":"2023-05-16T18:39:17","date_gmt":"2023-05-16T18:39:17","guid":{"rendered":"http:\/\/www.santaana.gob.ar\/home\/?p=3290"},"modified":"2023-05-16T18:39:17","modified_gmt":"2023-05-16T18:39:17","slug":"convocatoria-registro-de-extranjeros-para-proximas-elecciones","status":"publish","type":"post","link":"http:\/\/www.santaana.gob.ar\/home\/2023\/05\/16\/convocatoria-registro-de-extranjeros-para-proximas-elecciones\/","title":{"rendered":"CONVOCATORIA REGISTRO DE EXTRANJEROS PARA PR\u00d3XIMAS ELECCIONES"},"content":{"rendered":"<p>Se convoca a los extranjeros residente en la planta urbana y ejido de la ciudad de Santa Ana, con 2 a\u00f1os de domicilio continuo, a presentarse personalmente a la junta empadronadora del Registro Civil de Extranjeros a partir del d\u00eda 17 de mayo y hasta el 24 de mayo, inclusive, en el horario de 10 a 12 horas en la sede del Juzgado de Paz cito en Urquiza y Estrada de la ciudad de chajar\u00ed. A fin de conformar El padr\u00f3n electoral para que puedan ejercer el derecho al sufragio en la pr\u00f3ximas elecciones 2023.<\/p>\n<p><img loading=\"lazy\" decoding=\"async\" class=\"alignnone  wp-image-3294\" src=\"http:\/\/www.santaana.gob.ar\/home\/wp-content\/uploads\/2023\/05\/WhatsApp-Image-2023-05-16-at-10.34.52-2.jpeg\" alt=\"\" width=\"536\" height=\"825\" srcset=\"http:\/\/www.santaana.gob.ar\/home\/wp-content\/uploads\/2023\/05\/WhatsApp-Image-2023-05-16-at-10.34.52-2.jpeg 894w, http:\/\/www.santaana.gob.ar\/home\/wp-content\/uploads\/2023\/05\/WhatsApp-Image-2023-05-16-at-10.34.52-2-195x300.jpeg 195w, http:\/\/www.santaana.gob.ar\/home\/wp-content\/uploads\/2023\/05\/WhatsApp-Image-2023-05-16-at-10.34.52-2-665x1024.jpeg 665w, http:\/\/www.santaana.gob.ar\/home\/wp-content\/uploads\/2023\/05\/WhatsApp-Image-2023-05-16-at-10.34.52-2-768x1182.jpeg 768w\" sizes=\"auto, (max-width: 536px) 100vw, 536px\" \/><\/p>\n<p><img loading=\"lazy\" decoding=\"async\" class=\"alignnone  wp-image-3295\" src=\"http:\/\/www.santaana.gob.ar\/home\/wp-content\/uploads\/2023\/05\/WhatsApp-Image-2023-05-16-at-10.34.52-1-1.jpeg\" alt=\"\" width=\"537\" height=\"641\" srcset=\"http:\/\/www.santaana.gob.ar\/home\/wp-content\/uploads\/2023\/05\/WhatsApp-Image-2023-05-16-at-10.34.52-1-1.jpeg 1341w, http:\/\/www.santaana.gob.ar\/home\/wp-content\/uploads\/2023\/05\/WhatsApp-Image-2023-05-16-at-10.34.52-1-1-251x300.jpeg 251w, http:\/\/www.santaana.gob.ar\/home\/wp-content\/uploads\/2023\/05\/WhatsApp-Image-2023-05-16-at-10.34.52-1-1-858x1024.jpeg 858w, http:\/\/www.santaana.gob.ar\/home\/wp-content\/uploads\/2023\/05\/WhatsApp-Image-2023-05-16-at-10.34.52-1-1-768x916.jpeg 768w, http:\/\/www.santaana.gob.ar\/home\/wp-content\/uploads\/2023\/05\/WhatsApp-Image-2023-05-16-at-10.34.52-1-1-1287x1536.jpeg 1287w\" sizes=\"auto, (max-width: 537px) 100vw, 537px\" \/><\/p>\n","protected":false},"excerpt":{"rendered":"<p>Se convoca a los extranjeros residente en la planta urbana y ejido de la ciudad de Santa Ana, con 2 a\u00f1os de domicilio continuo, a presentarse personalmente a la junta empadronadora del Registro Civil de Extranjeros a partir del d\u00eda 17 de mayo y hasta el 24 de mayo, inclusive, en el horario de 10<a class=\"moretag\" href=\"http:\/\/www.santaana.gob.ar\/home\/2023\/05\/16\/convocatoria-registro-de-extranjeros-para-proximas-elecciones\/\"><span class=\"screen-reader-text\">Leer m\u00e1s sobre CONVOCATORIA REGISTRO DE EXTRANJEROS PARA PR\u00d3XIMAS ELECCIONES<\/span>[&#8230;]<\/a><\/p>\n","protected":false},"author":1,"featured_media":3291,"comment_status":"open","ping_status":"open","sticky":false,"template":"","format":"standard","meta":{"footnotes":""},"categories":[1],"tags":[],"class_list":["post-3290","post","type-post","status-publish","format-standard","has-post-thumbnail","hentry","category-noticias"],"_links":{"self":[{"href":"http:\/\/www.santaana.gob.ar\/home\/wp-json\/wp\/v2\/posts\/3290","targetHints":{"allow":["GET"]}}],"collection":[{"href":"http:\/\/www.santaana.gob.ar\/home\/wp-json\/wp\/v2\/posts"}],"about":[{"href":"http:\/\/www.santaana.gob.ar\/home\/wp-json\/wp\/v2\/types\/post"}],"author":[{"embeddable":true,"href":"http:\/\/www.santaana.gob.ar\/home\/wp-json\/wp\/v2\/users\/1"}],"replies":[{"embeddable":true,"href":"http:\/\/www.santaana.gob.ar\/home\/wp-json\/wp\/v2\/comments?post=3290"}],"version-history":[{"count":1,"href":"http:\/\/www.santaana.gob.ar\/home\/wp-json\/wp\/v2\/posts\/3290\/revisions"}],"predecessor-version":[{"id":3296,"href":"http:\/\/www.santaana.gob.ar\/home\/wp-json\/wp\/v2\/posts\/3290\/revisions\/3296"}],"wp:featuredmedia":[{"embeddable":true,"href":"http:\/\/www.santaana.gob.ar\/home\/wp-json\/wp\/v2\/media\/3291"}],"wp:attachment":[{"href":"http:\/\/www.santaana.gob.ar\/home\/wp-json\/wp\/v2\/media?parent=3290"}],"wp:term":[{"taxonomy":"category","embeddable":true,"href":"http:\/\/www.santaana.gob.ar\/home\/wp-json\/wp\/v2\/categories?post=3290"},{"taxonomy":"post_tag","embeddable":true,"href":"http:\/\/www.santaana.gob.ar\/home\/wp-json\/wp\/v2\/tags?post=3290"}],"curies":[{"name":"wp","href":"https:\/\/api.w.org\/{rel}","templated":true}]}}