{"id":3287,"date":"2023-05-16T18:28:50","date_gmt":"2023-05-16T18:28:50","guid":{"rendered":"http:\/\/www.santaana.gob.ar\/home\/?p=3287"},"modified":"2023-05-16T18:28:50","modified_gmt":"2023-05-16T18:28:50","slug":"la-justicia-va-a-los-barrios","status":"publish","type":"post","link":"http:\/\/www.santaana.gob.ar\/home\/2023\/05\/16\/la-justicia-va-a-los-barrios\/","title":{"rendered":"LA JUSTICIA VA A LOS BARRIOS"},"content":{"rendered":"<p>Con el objetivo de facilitar el acceso de la comunidad al sistema judicial este jueves 18 de mayo, en las instalaciones del NIDO, un equipo de profesionales estar\u00e1 atendiendo todo tipo de consultas de los vecinos.<br \/>\n\u25aa Podr\u00e1s realizar tr\u00e1mites como solicitar asesoramiento en materia de cuota alimentaria, r\u00e9gimen de comunicaci\u00f3n, tutela, restricci\u00f3n a la capacidad, seguimientos de denuncias, certificaciones de firmas, poderes, seguros de vida, gestionar asignaciones familiares y becas, entre otras cosas.<br \/>\nAgend\u00e1 \ud83d\udc47<br \/>\n\ud83d\udcc6 Jueves 18 de mayo<br \/>\n\ud83d\udd58 9 a 11 horas<br \/>\n\ud83d\udccdInstalaciones del NIDO<br \/>\n\u00a1No necesit\u00e1s sacar turno!<\/p>\n","protected":false},"excerpt":{"rendered":"<p>Con el objetivo de facilitar el acceso de la comunidad al sistema judicial este jueves 18 de mayo, en las instalaciones del NIDO, un equipo de profesionales estar\u00e1 atendiendo todo tipo de consultas de los vecinos. \u25aa Podr\u00e1s realizar tr\u00e1mites como solicitar asesoramiento en materia de cuota alimentaria, r\u00e9gimen de comunicaci\u00f3n, tutela, restricci\u00f3n a la<a class=\"moretag\" href=\"http:\/\/www.santaana.gob.ar\/home\/2023\/05\/16\/la-justicia-va-a-los-barrios\/\"><span class=\"screen-reader-text\">Leer m\u00e1s sobre LA JUSTICIA VA A LOS BARRIOS<\/span>[&#8230;]<\/a><\/p>\n","protected":false},"author":1,"featured_media":3288,"comment_status":"open","ping_status":"open","sticky":false,"template":"","format":"standard","meta":{"footnotes":""},"categories":[1],"tags":[],"class_list":["post-3287","post","type-post","status-publish","format-standard","has-post-thumbnail","hentry","category-noticias"],"_links":{"self":[{"href":"http:\/\/www.santaana.gob.ar\/home\/wp-json\/wp\/v2\/posts\/3287","targetHints":{"allow":["GET"]}}],"collection":[{"href":"http:\/\/www.santaana.gob.ar\/home\/wp-json\/wp\/v2\/posts"}],"about":[{"href":"http:\/\/www.santaana.gob.ar\/home\/wp-json\/wp\/v2\/types\/post"}],"author":[{"embeddable":true,"href":"http:\/\/www.santaana.gob.ar\/home\/wp-json\/wp\/v2\/users\/1"}],"replies":[{"embeddable":true,"href":"http:\/\/www.santaana.gob.ar\/home\/wp-json\/wp\/v2\/comments?post=3287"}],"version-history":[{"count":1,"href":"http:\/\/www.santaana.gob.ar\/home\/wp-json\/wp\/v2\/posts\/3287\/revisions"}],"predecessor-version":[{"id":3289,"href":"http:\/\/www.santaana.gob.ar\/home\/wp-json\/wp\/v2\/posts\/3287\/revisions\/3289"}],"wp:featuredmedia":[{"embeddable":true,"href":"http:\/\/www.santaana.gob.ar\/home\/wp-json\/wp\/v2\/media\/3288"}],"wp:attachment":[{"href":"http:\/\/www.santaana.gob.ar\/home\/wp-json\/wp\/v2\/media?parent=3287"}],"wp:term":[{"taxonomy":"category","embeddable":true,"href":"http:\/\/www.santaana.gob.ar\/home\/wp-json\/wp\/v2\/categories?post=3287"},{"taxonomy":"post_tag","embeddable":true,"href":"http:\/\/www.santaana.gob.ar\/home\/wp-json\/wp\/v2\/tags?post=3287"}],"curies":[{"name":"wp","href":"https:\/\/api.w.org\/{rel}","templated":true}]}}