{"id":3278,"date":"2023-05-08T21:01:51","date_gmt":"2023-05-08T21:01:51","guid":{"rendered":"http:\/\/www.santaana.gob.ar\/home\/?p=3278"},"modified":"2023-05-08T21:01:51","modified_gmt":"2023-05-08T21:01:51","slug":"anses-atendera-en-santa-ana-30","status":"publish","type":"post","link":"http:\/\/www.santaana.gob.ar\/home\/2023\/05\/08\/anses-atendera-en-santa-ana-30\/","title":{"rendered":"ANSES ATENDER\u00c1 EN SANTA ANA"},"content":{"rendered":"<p>Ser\u00e1 el jueves 18 de mayo, de 8 a 13 horas, en las instalaciones del NIDO y se podr\u00e1n realizar diferentes tr\u00e1mites vinculados a la asignaci\u00f3n universal, monotributo, obra social, reclamos y asesoramiento en general, entre otros.<br \/>\n\u2139\ufe0f Los interesados deber\u00e1n solicitar turno en la oficina de la Direcci\u00f3n de Acci\u00f3n Social ubicada en el NIDO, de lunes a viernes de 7 a 13 horas.<\/p>\n","protected":false},"excerpt":{"rendered":"<p>Ser\u00e1 el jueves 18 de mayo, de 8 a 13 horas, en las instalaciones del NIDO y se podr\u00e1n realizar diferentes tr\u00e1mites vinculados a la asignaci\u00f3n universal, monotributo, obra social, reclamos y asesoramiento en general, entre otros. \u2139\ufe0f Los interesados deber\u00e1n solicitar turno en la oficina de la Direcci\u00f3n de Acci\u00f3n Social ubicada en el<a class=\"moretag\" href=\"http:\/\/www.santaana.gob.ar\/home\/2023\/05\/08\/anses-atendera-en-santa-ana-30\/\"><span class=\"screen-reader-text\">Leer m\u00e1s sobre ANSES ATENDER\u00c1 EN SANTA ANA<\/span>[&#8230;]<\/a><\/p>\n","protected":false},"author":1,"featured_media":2927,"comment_status":"open","ping_status":"open","sticky":false,"template":"","format":"standard","meta":{"footnotes":""},"categories":[1],"tags":[],"class_list":["post-3278","post","type-post","status-publish","format-standard","has-post-thumbnail","hentry","category-noticias"],"_links":{"self":[{"href":"http:\/\/www.santaana.gob.ar\/home\/wp-json\/wp\/v2\/posts\/3278","targetHints":{"allow":["GET"]}}],"collection":[{"href":"http:\/\/www.santaana.gob.ar\/home\/wp-json\/wp\/v2\/posts"}],"about":[{"href":"http:\/\/www.santaana.gob.ar\/home\/wp-json\/wp\/v2\/types\/post"}],"author":[{"embeddable":true,"href":"http:\/\/www.santaana.gob.ar\/home\/wp-json\/wp\/v2\/users\/1"}],"replies":[{"embeddable":true,"href":"http:\/\/www.santaana.gob.ar\/home\/wp-json\/wp\/v2\/comments?post=3278"}],"version-history":[{"count":1,"href":"http:\/\/www.santaana.gob.ar\/home\/wp-json\/wp\/v2\/posts\/3278\/revisions"}],"predecessor-version":[{"id":3279,"href":"http:\/\/www.santaana.gob.ar\/home\/wp-json\/wp\/v2\/posts\/3278\/revisions\/3279"}],"wp:featuredmedia":[{"embeddable":true,"href":"http:\/\/www.santaana.gob.ar\/home\/wp-json\/wp\/v2\/media\/2927"}],"wp:attachment":[{"href":"http:\/\/www.santaana.gob.ar\/home\/wp-json\/wp\/v2\/media?parent=3278"}],"wp:term":[{"taxonomy":"category","embeddable":true,"href":"http:\/\/www.santaana.gob.ar\/home\/wp-json\/wp\/v2\/categories?post=3278"},{"taxonomy":"post_tag","embeddable":true,"href":"http:\/\/www.santaana.gob.ar\/home\/wp-json\/wp\/v2\/tags?post=3278"}],"curies":[{"name":"wp","href":"https:\/\/api.w.org\/{rel}","templated":true}]}}