{"id":3271,"date":"2023-05-08T11:13:17","date_gmt":"2023-05-08T11:13:17","guid":{"rendered":"http:\/\/www.santaana.gob.ar\/home\/?p=3271"},"modified":"2023-05-08T11:13:17","modified_gmt":"2023-05-08T11:13:17","slug":"proyecto-de-perforacion-termal","status":"publish","type":"post","link":"http:\/\/www.santaana.gob.ar\/home\/2023\/05\/08\/proyecto-de-perforacion-termal\/","title":{"rendered":"PROYECTO DE PERFORACI\u00d3N TERMAL"},"content":{"rendered":"<p>EL PROYECTO DE PERFORACI\u00d3N TERMAL SIGUE AVANZANDO Y CUENTA CON EL APOYO DE LA PROVINCIA<br \/>\n\u25aa El Intendente Rogelio Zanandrea fue recibido por el Ministro de Planeamiento, Infraestructura y Servicios de la Provincia, Marcelo Richard. En el encuentro dialogaron sobre los avances del tr\u00e1mite para la adjudicaci\u00f3n de la obra de perforaci\u00f3n termal en nuestra localidad.<br \/>\n\u25aa En este sentido el intendente destac\u00f3 que el acompa\u00f1amiento de la provincia es fundamental ya que esta obra permitir\u00e1 tener turismo todo el a\u00f1o a trav\u00e9s de las termas, y desde que se iniciaron las gestiones con el gobierno provincial ya se ha movido todo el mercado inmobiliario de Santa Ana, especialmente en la zona borde del lago.<br \/>\n\ud83d\udcac\u00bbCon termas vamos a tener turismo todo el a\u00f1o\u00bb se\u00f1al\u00f3 Zanandrea.<\/p>\n","protected":false},"excerpt":{"rendered":"<p>EL PROYECTO DE PERFORACI\u00d3N TERMAL SIGUE AVANZANDO Y CUENTA CON EL APOYO DE LA PROVINCIA \u25aa El Intendente Rogelio Zanandrea fue recibido por el Ministro de Planeamiento, Infraestructura y Servicios de la Provincia, Marcelo Richard. En el encuentro dialogaron sobre los avances del tr\u00e1mite para la adjudicaci\u00f3n de la obra de perforaci\u00f3n termal en nuestra<a class=\"moretag\" href=\"http:\/\/www.santaana.gob.ar\/home\/2023\/05\/08\/proyecto-de-perforacion-termal\/\"><span class=\"screen-reader-text\">Leer m\u00e1s sobre PROYECTO DE PERFORACI\u00d3N TERMAL<\/span>[&#8230;]<\/a><\/p>\n","protected":false},"author":1,"featured_media":3272,"comment_status":"open","ping_status":"open","sticky":false,"template":"","format":"standard","meta":{"footnotes":""},"categories":[1],"tags":[],"class_list":["post-3271","post","type-post","status-publish","format-standard","has-post-thumbnail","hentry","category-noticias"],"_links":{"self":[{"href":"http:\/\/www.santaana.gob.ar\/home\/wp-json\/wp\/v2\/posts\/3271","targetHints":{"allow":["GET"]}}],"collection":[{"href":"http:\/\/www.santaana.gob.ar\/home\/wp-json\/wp\/v2\/posts"}],"about":[{"href":"http:\/\/www.santaana.gob.ar\/home\/wp-json\/wp\/v2\/types\/post"}],"author":[{"embeddable":true,"href":"http:\/\/www.santaana.gob.ar\/home\/wp-json\/wp\/v2\/users\/1"}],"replies":[{"embeddable":true,"href":"http:\/\/www.santaana.gob.ar\/home\/wp-json\/wp\/v2\/comments?post=3271"}],"version-history":[{"count":1,"href":"http:\/\/www.santaana.gob.ar\/home\/wp-json\/wp\/v2\/posts\/3271\/revisions"}],"predecessor-version":[{"id":3273,"href":"http:\/\/www.santaana.gob.ar\/home\/wp-json\/wp\/v2\/posts\/3271\/revisions\/3273"}],"wp:featuredmedia":[{"embeddable":true,"href":"http:\/\/www.santaana.gob.ar\/home\/wp-json\/wp\/v2\/media\/3272"}],"wp:attachment":[{"href":"http:\/\/www.santaana.gob.ar\/home\/wp-json\/wp\/v2\/media?parent=3271"}],"wp:term":[{"taxonomy":"category","embeddable":true,"href":"http:\/\/www.santaana.gob.ar\/home\/wp-json\/wp\/v2\/categories?post=3271"},{"taxonomy":"post_tag","embeddable":true,"href":"http:\/\/www.santaana.gob.ar\/home\/wp-json\/wp\/v2\/tags?post=3271"}],"curies":[{"name":"wp","href":"https:\/\/api.w.org\/{rel}","templated":true}]}}