{"id":3265,"date":"2023-05-03T12:52:49","date_gmt":"2023-05-03T12:52:49","guid":{"rendered":"http:\/\/www.santaana.gob.ar\/home\/?p=3265"},"modified":"2023-05-03T12:52:49","modified_gmt":"2023-05-03T12:52:49","slug":"taller-de-radio-y-comunicacion-2","status":"publish","type":"post","link":"http:\/\/www.santaana.gob.ar\/home\/2023\/05\/03\/taller-de-radio-y-comunicacion-2\/","title":{"rendered":"TALLER DE RADIO Y COMUNICACI\u00d3N"},"content":{"rendered":"<p>La Direcci\u00f3n de Cultura y Turismo de la Municipalidad de Santa Ana te invita a participar del Taller de Radio y Comunicaci\u00f3n que estar\u00e1 cargo de Rodrigo Barrios Berterame. Agend\u00e1 los d\u00edas y horarios en los que se dictar\u00e1 \ud83d\udc47<br \/>\n\ud83d\udcc6 Martes<br \/>\n\ud83d\udd53 14.30 a 16.30 horas<br \/>\n\ud83d\udccd Instalaciones del NIDO<\/p>\n","protected":false},"excerpt":{"rendered":"<p>La Direcci\u00f3n de Cultura y Turismo de la Municipalidad de Santa Ana te invita a participar del Taller de Radio y Comunicaci\u00f3n que estar\u00e1 cargo de Rodrigo Barrios Berterame. Agend\u00e1 los d\u00edas y horarios en los que se dictar\u00e1 \ud83d\udc47 \ud83d\udcc6 Martes \ud83d\udd53 14.30 a 16.30 horas \ud83d\udccd Instalaciones del NIDO<\/p>\n","protected":false},"author":1,"featured_media":3219,"comment_status":"open","ping_status":"open","sticky":false,"template":"","format":"standard","meta":{"footnotes":""},"categories":[1],"tags":[],"class_list":["post-3265","post","type-post","status-publish","format-standard","has-post-thumbnail","hentry","category-noticias"],"_links":{"self":[{"href":"http:\/\/www.santaana.gob.ar\/home\/wp-json\/wp\/v2\/posts\/3265","targetHints":{"allow":["GET"]}}],"collection":[{"href":"http:\/\/www.santaana.gob.ar\/home\/wp-json\/wp\/v2\/posts"}],"about":[{"href":"http:\/\/www.santaana.gob.ar\/home\/wp-json\/wp\/v2\/types\/post"}],"author":[{"embeddable":true,"href":"http:\/\/www.santaana.gob.ar\/home\/wp-json\/wp\/v2\/users\/1"}],"replies":[{"embeddable":true,"href":"http:\/\/www.santaana.gob.ar\/home\/wp-json\/wp\/v2\/comments?post=3265"}],"version-history":[{"count":1,"href":"http:\/\/www.santaana.gob.ar\/home\/wp-json\/wp\/v2\/posts\/3265\/revisions"}],"predecessor-version":[{"id":3266,"href":"http:\/\/www.santaana.gob.ar\/home\/wp-json\/wp\/v2\/posts\/3265\/revisions\/3266"}],"wp:featuredmedia":[{"embeddable":true,"href":"http:\/\/www.santaana.gob.ar\/home\/wp-json\/wp\/v2\/media\/3219"}],"wp:attachment":[{"href":"http:\/\/www.santaana.gob.ar\/home\/wp-json\/wp\/v2\/media?parent=3265"}],"wp:term":[{"taxonomy":"category","embeddable":true,"href":"http:\/\/www.santaana.gob.ar\/home\/wp-json\/wp\/v2\/categories?post=3265"},{"taxonomy":"post_tag","embeddable":true,"href":"http:\/\/www.santaana.gob.ar\/home\/wp-json\/wp\/v2\/tags?post=3265"}],"curies":[{"name":"wp","href":"https:\/\/api.w.org\/{rel}","templated":true}]}}