{"id":3244,"date":"2023-04-25T13:48:27","date_gmt":"2023-04-25T13:48:27","guid":{"rendered":"http:\/\/www.santaana.gob.ar\/home\/?p=3244"},"modified":"2023-04-25T13:48:27","modified_gmt":"2023-04-25T13:48:27","slug":"llamado-licitacion-publica-no03-2023","status":"publish","type":"post","link":"http:\/\/www.santaana.gob.ar\/home\/2023\/04\/25\/llamado-licitacion-publica-no03-2023\/","title":{"rendered":"LLAMADO LICITACI\u00d3N P\u00daBLICA N\u00ba03\/2023"},"content":{"rendered":"<p>La municipalidad de Santa Ana, provincia de Entre R\u00edos, dispone el llamado a Licitaci\u00f3n P\u00fablica N\u00ba 02\/2023. Que tiene por objeto La venta por subasta p\u00fablica de los inmuebles propiedad municipal: una fracci\u00f3n de terreno plano de mensura  N\u00ba 38.568 a\u00f1o 2013.<br \/>\nDispone el d\u00eda viernes 19 de mayo de 2023, a la hora 11:00 para apertura de sobres.<\/p>\n<p><b>Descargar Pliegos<\/b><br \/>\n<a href=\"http:\/\/www.santaana.gob.ar\/Licitaciones\/LicPub032023\/Decreto.pdf\">Decreto<\/a><br \/>\n<a href=\"http:\/\/www.santaana.gob.ar\/Licitaciones\/LicPub032023\/Ordenanza.pdf\">Ordenanza<\/a><br \/>\n<a href=\"http:\/\/www.santaana.gob.ar\/Licitaciones\/LicPub032023\/Generales.pdf\">Pliego Condiciones Generales<\/a><br \/>\n<a href=\"http:\/\/www.santaana.gob.ar\/Licitaciones\/LicPub032023\/Particulares.pdf\">Pliego Condiciones Particulares<\/a><br \/>\n<a href=\"http:\/\/www.santaana.gob.ar\/Licitaciones\/LicPub032023\/Planilla.pdf\">Planilla Cotizaci\u00f3n<\/a><\/p>\n","protected":false},"excerpt":{"rendered":"<p>La municipalidad de Santa Ana, provincia de Entre R\u00edos, dispone el llamado a Licitaci\u00f3n P\u00fablica N\u00ba 02\/2023. Que tiene por objeto La venta por subasta p\u00fablica de los inmuebles propiedad municipal: una fracci\u00f3n de terreno plano de mensura N\u00ba 38.568 a\u00f1o 2013. Dispone el d\u00eda viernes 19 de mayo de 2023, a la hora 11:00<a class=\"moretag\" href=\"http:\/\/www.santaana.gob.ar\/home\/2023\/04\/25\/llamado-licitacion-publica-no03-2023\/\"><span class=\"screen-reader-text\">Leer m\u00e1s sobre LLAMADO LICITACI\u00d3N P\u00daBLICA N\u00ba03\/2023<\/span>[&#8230;]<\/a><\/p>\n","protected":false},"author":1,"featured_media":2006,"comment_status":"open","ping_status":"open","sticky":false,"template":"","format":"standard","meta":{"footnotes":""},"categories":[1],"tags":[],"class_list":["post-3244","post","type-post","status-publish","format-standard","has-post-thumbnail","hentry","category-noticias"],"_links":{"self":[{"href":"http:\/\/www.santaana.gob.ar\/home\/wp-json\/wp\/v2\/posts\/3244","targetHints":{"allow":["GET"]}}],"collection":[{"href":"http:\/\/www.santaana.gob.ar\/home\/wp-json\/wp\/v2\/posts"}],"about":[{"href":"http:\/\/www.santaana.gob.ar\/home\/wp-json\/wp\/v2\/types\/post"}],"author":[{"embeddable":true,"href":"http:\/\/www.santaana.gob.ar\/home\/wp-json\/wp\/v2\/users\/1"}],"replies":[{"embeddable":true,"href":"http:\/\/www.santaana.gob.ar\/home\/wp-json\/wp\/v2\/comments?post=3244"}],"version-history":[{"count":1,"href":"http:\/\/www.santaana.gob.ar\/home\/wp-json\/wp\/v2\/posts\/3244\/revisions"}],"predecessor-version":[{"id":3245,"href":"http:\/\/www.santaana.gob.ar\/home\/wp-json\/wp\/v2\/posts\/3244\/revisions\/3245"}],"wp:featuredmedia":[{"embeddable":true,"href":"http:\/\/www.santaana.gob.ar\/home\/wp-json\/wp\/v2\/media\/2006"}],"wp:attachment":[{"href":"http:\/\/www.santaana.gob.ar\/home\/wp-json\/wp\/v2\/media?parent=3244"}],"wp:term":[{"taxonomy":"category","embeddable":true,"href":"http:\/\/www.santaana.gob.ar\/home\/wp-json\/wp\/v2\/categories?post=3244"},{"taxonomy":"post_tag","embeddable":true,"href":"http:\/\/www.santaana.gob.ar\/home\/wp-json\/wp\/v2\/tags?post=3244"}],"curies":[{"name":"wp","href":"https:\/\/api.w.org\/{rel}","templated":true}]}}