{"id":324,"date":"2017-10-18T14:47:11","date_gmt":"2017-10-18T14:47:11","guid":{"rendered":"http:\/\/www.santaana.gob.ar\/home\/?p=324"},"modified":"2017-10-18T14:47:11","modified_gmt":"2017-10-18T14:47:11","slug":"capacitacion-autoridades-de-mesa-2","status":"publish","type":"post","link":"http:\/\/www.santaana.gob.ar\/home\/2017\/10\/18\/capacitacion-autoridades-de-mesa-2\/","title":{"rendered":"CAPACITACION AUTORIDADES DE MESA"},"content":{"rendered":"<p>ELECCIONESGENERALES<br \/>\nLa Municipalidad de Santa Ana informa a las autoridades de mesa designadas para las elecciones Generales del Domingo 22 de Octubre del corriente a\u00f1o, que el curso de capacitaci\u00f3n se desarrollar\u00e1 el d\u00eda Viernes 20 de Octubre a las 20:30 Hs. en el sal\u00f3n del Concejo Deliberante, planta alta de la Municipalidad de Santa Ana, donde deben concurrir con la designaci\u00f3n otorgada por la Junta Electoral Nacional, al finalizar la capacitaci\u00f3n se har\u00e1n entrega de las constancias correspondientes.<br \/>\nPara mayor informaci\u00f3n llamar a los telefonos 03456-492059\/492000\/492111\/492112.<\/p>\n","protected":false},"excerpt":{"rendered":"<p>ELECCIONESGENERALES La Municipalidad de Santa Ana informa a las autoridades de mesa designadas para las elecciones Generales del Domingo 22 de Octubre del corriente a\u00f1o, que el curso de capacitaci\u00f3n se desarrollar\u00e1 el d\u00eda Viernes 20 de Octubre a las 20:30 Hs. en el sal\u00f3n del Concejo Deliberante, planta alta de la Municipalidad de Santa<a class=\"moretag\" href=\"http:\/\/www.santaana.gob.ar\/home\/2017\/10\/18\/capacitacion-autoridades-de-mesa-2\/\"><span class=\"screen-reader-text\">Leer m\u00e1s sobre CAPACITACION AUTORIDADES DE MESA<\/span>[&#8230;]<\/a><\/p>\n","protected":false},"author":1,"featured_media":325,"comment_status":"open","ping_status":"open","sticky":false,"template":"","format":"standard","meta":{"footnotes":""},"categories":[1],"tags":[],"class_list":["post-324","post","type-post","status-publish","format-standard","has-post-thumbnail","hentry","category-noticias"],"_links":{"self":[{"href":"http:\/\/www.santaana.gob.ar\/home\/wp-json\/wp\/v2\/posts\/324","targetHints":{"allow":["GET"]}}],"collection":[{"href":"http:\/\/www.santaana.gob.ar\/home\/wp-json\/wp\/v2\/posts"}],"about":[{"href":"http:\/\/www.santaana.gob.ar\/home\/wp-json\/wp\/v2\/types\/post"}],"author":[{"embeddable":true,"href":"http:\/\/www.santaana.gob.ar\/home\/wp-json\/wp\/v2\/users\/1"}],"replies":[{"embeddable":true,"href":"http:\/\/www.santaana.gob.ar\/home\/wp-json\/wp\/v2\/comments?post=324"}],"version-history":[{"count":1,"href":"http:\/\/www.santaana.gob.ar\/home\/wp-json\/wp\/v2\/posts\/324\/revisions"}],"predecessor-version":[{"id":326,"href":"http:\/\/www.santaana.gob.ar\/home\/wp-json\/wp\/v2\/posts\/324\/revisions\/326"}],"wp:featuredmedia":[{"embeddable":true,"href":"http:\/\/www.santaana.gob.ar\/home\/wp-json\/wp\/v2\/media\/325"}],"wp:attachment":[{"href":"http:\/\/www.santaana.gob.ar\/home\/wp-json\/wp\/v2\/media?parent=324"}],"wp:term":[{"taxonomy":"category","embeddable":true,"href":"http:\/\/www.santaana.gob.ar\/home\/wp-json\/wp\/v2\/categories?post=324"},{"taxonomy":"post_tag","embeddable":true,"href":"http:\/\/www.santaana.gob.ar\/home\/wp-json\/wp\/v2\/tags?post=324"}],"curies":[{"name":"wp","href":"https:\/\/api.w.org\/{rel}","templated":true}]}}