{"id":3231,"date":"2023-04-18T21:16:34","date_gmt":"2023-04-18T21:16:34","guid":{"rendered":"http:\/\/www.santaana.gob.ar\/home\/?p=3231"},"modified":"2023-04-18T21:16:34","modified_gmt":"2023-04-18T21:16:34","slug":"el-triathlon-cerro-en-santa-ana","status":"publish","type":"post","link":"http:\/\/www.santaana.gob.ar\/home\/2023\/04\/18\/el-triathlon-cerro-en-santa-ana\/","title":{"rendered":"EL TRIATHLON CERR\u00d3 EN SANTA ANA"},"content":{"rendered":"\n<p>Con la participaci\u00f3n de m\u00e1s de 500 deportistas, el domingo, se llev\u00f3 a cabo en nuestra ciudad el cierre de temporada del Half Triathlon. <\/p>\n\n\n\n<p><img loading=\"lazy\" decoding=\"async\" height=\"16\" width=\"16\" alt=\"\ud83c\udfc6\" src=\"https:\/\/static.xx.fbcdn.net\/images\/emoji.php\/v9\/tbe\/1\/16\/1f3c6.png\"> El primer puesto, en la categor\u00eda General Elite, fue para Romina Palacio de Haedo, mientras que en la categor\u00eda varones, el puesto lo obtuvo Mario De El\u00edas de Neuqu\u00e9n. <\/p>\n\n\n\n<p>Por su parte en la categor\u00eda General Age Groups el primer lugar fue para Agostina Lettera de Ciudad de Buenos Aires y el segundo para Sabina Goyeneche de Chajar\u00ed, mientras que en varones el primer puesto fue para Fernando Sirio de City Bell. En General Srpint el primer lugar se lo llev\u00f3 la chajariense Mar\u00eda Jos\u00e9 Maidana.<\/p>\n\n\n\n<p><img loading=\"lazy\" decoding=\"async\" height=\"16\" width=\"16\" alt=\"\ud83d\udcf7\" src=\"https:\/\/static.xx.fbcdn.net\/images\/emoji.php\/v9\/t5d\/1\/16\/1f4f7.png\"> Aqu\u00ed compartimos algunas im\u00e1genes, si quer\u00e9s ver m\u00e1s podes hacerlo en <a rel=\"noreferrer noopener\" href=\"https:\/\/bit.ly\/40jCjVu?fbclid=IwAR2hIST75r6vSFzNWofwHqXdXFYBPaxKQtxUZ_Bso_A8InUmMEqm535U5qE\" target=\"_blank\">https:\/\/bit.ly\/40jCjVu<\/a><\/p>\n","protected":false},"excerpt":{"rendered":"<p>Con la participaci\u00f3n de m\u00e1s de 500 deportistas, el domingo, se llev\u00f3 a cabo en nuestra ciudad el cierre de temporada del Half Triathlon. El primer puesto, en la categor\u00eda General Elite, fue para Romina Palacio de Haedo, mientras que en la categor\u00eda varones, el puesto lo obtuvo Mario De El\u00edas de Neuqu\u00e9n. Por su<a class=\"moretag\" href=\"http:\/\/www.santaana.gob.ar\/home\/2023\/04\/18\/el-triathlon-cerro-en-santa-ana\/\"><span class=\"screen-reader-text\">Leer m\u00e1s sobre EL TRIATHLON CERR\u00d3 EN SANTA ANA<\/span>[&#8230;]<\/a><\/p>\n","protected":false},"author":1,"featured_media":3232,"comment_status":"open","ping_status":"open","sticky":false,"template":"","format":"standard","meta":{"footnotes":""},"categories":[1],"tags":[],"class_list":["post-3231","post","type-post","status-publish","format-standard","has-post-thumbnail","hentry","category-noticias"],"_links":{"self":[{"href":"http:\/\/www.santaana.gob.ar\/home\/wp-json\/wp\/v2\/posts\/3231","targetHints":{"allow":["GET"]}}],"collection":[{"href":"http:\/\/www.santaana.gob.ar\/home\/wp-json\/wp\/v2\/posts"}],"about":[{"href":"http:\/\/www.santaana.gob.ar\/home\/wp-json\/wp\/v2\/types\/post"}],"author":[{"embeddable":true,"href":"http:\/\/www.santaana.gob.ar\/home\/wp-json\/wp\/v2\/users\/1"}],"replies":[{"embeddable":true,"href":"http:\/\/www.santaana.gob.ar\/home\/wp-json\/wp\/v2\/comments?post=3231"}],"version-history":[{"count":1,"href":"http:\/\/www.santaana.gob.ar\/home\/wp-json\/wp\/v2\/posts\/3231\/revisions"}],"predecessor-version":[{"id":3233,"href":"http:\/\/www.santaana.gob.ar\/home\/wp-json\/wp\/v2\/posts\/3231\/revisions\/3233"}],"wp:featuredmedia":[{"embeddable":true,"href":"http:\/\/www.santaana.gob.ar\/home\/wp-json\/wp\/v2\/media\/3232"}],"wp:attachment":[{"href":"http:\/\/www.santaana.gob.ar\/home\/wp-json\/wp\/v2\/media?parent=3231"}],"wp:term":[{"taxonomy":"category","embeddable":true,"href":"http:\/\/www.santaana.gob.ar\/home\/wp-json\/wp\/v2\/categories?post=3231"},{"taxonomy":"post_tag","embeddable":true,"href":"http:\/\/www.santaana.gob.ar\/home\/wp-json\/wp\/v2\/tags?post=3231"}],"curies":[{"name":"wp","href":"https:\/\/api.w.org\/{rel}","templated":true}]}}