{"id":3228,"date":"2023-04-17T18:27:49","date_gmt":"2023-04-17T18:27:49","guid":{"rendered":"http:\/\/www.santaana.gob.ar\/home\/?p=3228"},"modified":"2023-04-17T18:27:49","modified_gmt":"2023-04-17T18:27:49","slug":"inauguracion-de-la-oficina-polinave-en-santa-ana","status":"publish","type":"post","link":"http:\/\/www.santaana.gob.ar\/home\/2023\/04\/17\/inauguracion-de-la-oficina-polinave-en-santa-ana\/","title":{"rendered":"INAUGURACI\u00d3N DE LA OFICINA POLINAVE EN SANTA ANA"},"content":{"rendered":"<p>Este lunes 17 de abril se inauguraron las oficinas de la Polic\u00eda de Seguridad de la Navegaci\u00f3n en nuestra ciudad, all\u00ed se podr\u00e1n realizar tr\u00e1mites, habilitaciones y permisos n\u00e1uticos para vecinos de la regi\u00f3n evitando as\u00ed el traslado de las embarcaciones a la ciudad de Federaci\u00f3n.<br \/>\n\u25aa\ufe0f Las mismas funcionan en el destacamento Mandisov\u00ed de la Prefectura Naval Argentina con asiento en nuestra localidad.<br \/>\n\u25aa\ufe0f Esta obra surge por iniciativa de la Prefectura Naval Argentina y el aporte financiero en partes iguales en materiales y mano de obra de los municipios de Chajar\u00ed, Villa del Rosario y Santa Ana.<br \/>\n\u25aa\ufe0f En el acto de inauguraci\u00f3n participaron el Jefe Departamental de la Prefectura Naval Argentina, Prefecto Jorge Gauna, el Intendente Rogelio Zanandrea, el Intendente de Chajar\u00ed Marcelo Borghesan, la intendenta de Villa del Rosario Vanina Perini, adem\u00e1s de funcionarios municipales y personal de la fuerza.<\/p>\n","protected":false},"excerpt":{"rendered":"<p>Este lunes 17 de abril se inauguraron las oficinas de la Polic\u00eda de Seguridad de la Navegaci\u00f3n en nuestra ciudad, all\u00ed se podr\u00e1n realizar tr\u00e1mites, habilitaciones y permisos n\u00e1uticos para vecinos de la regi\u00f3n evitando as\u00ed el traslado de las embarcaciones a la ciudad de Federaci\u00f3n. \u25aa\ufe0f Las mismas funcionan en el destacamento Mandisov\u00ed de<a class=\"moretag\" href=\"http:\/\/www.santaana.gob.ar\/home\/2023\/04\/17\/inauguracion-de-la-oficina-polinave-en-santa-ana\/\"><span class=\"screen-reader-text\">Leer m\u00e1s sobre INAUGURACI\u00d3N DE LA OFICINA POLINAVE EN SANTA ANA<\/span>[&#8230;]<\/a><\/p>\n","protected":false},"author":1,"featured_media":3229,"comment_status":"open","ping_status":"open","sticky":false,"template":"","format":"standard","meta":{"footnotes":""},"categories":[1],"tags":[],"class_list":["post-3228","post","type-post","status-publish","format-standard","has-post-thumbnail","hentry","category-noticias"],"_links":{"self":[{"href":"http:\/\/www.santaana.gob.ar\/home\/wp-json\/wp\/v2\/posts\/3228","targetHints":{"allow":["GET"]}}],"collection":[{"href":"http:\/\/www.santaana.gob.ar\/home\/wp-json\/wp\/v2\/posts"}],"about":[{"href":"http:\/\/www.santaana.gob.ar\/home\/wp-json\/wp\/v2\/types\/post"}],"author":[{"embeddable":true,"href":"http:\/\/www.santaana.gob.ar\/home\/wp-json\/wp\/v2\/users\/1"}],"replies":[{"embeddable":true,"href":"http:\/\/www.santaana.gob.ar\/home\/wp-json\/wp\/v2\/comments?post=3228"}],"version-history":[{"count":1,"href":"http:\/\/www.santaana.gob.ar\/home\/wp-json\/wp\/v2\/posts\/3228\/revisions"}],"predecessor-version":[{"id":3230,"href":"http:\/\/www.santaana.gob.ar\/home\/wp-json\/wp\/v2\/posts\/3228\/revisions\/3230"}],"wp:featuredmedia":[{"embeddable":true,"href":"http:\/\/www.santaana.gob.ar\/home\/wp-json\/wp\/v2\/media\/3229"}],"wp:attachment":[{"href":"http:\/\/www.santaana.gob.ar\/home\/wp-json\/wp\/v2\/media?parent=3228"}],"wp:term":[{"taxonomy":"category","embeddable":true,"href":"http:\/\/www.santaana.gob.ar\/home\/wp-json\/wp\/v2\/categories?post=3228"},{"taxonomy":"post_tag","embeddable":true,"href":"http:\/\/www.santaana.gob.ar\/home\/wp-json\/wp\/v2\/tags?post=3228"}],"curies":[{"name":"wp","href":"https:\/\/api.w.org\/{rel}","templated":true}]}}