{"id":3221,"date":"2023-04-11T13:49:29","date_gmt":"2023-04-11T13:49:29","guid":{"rendered":"http:\/\/www.santaana.gob.ar\/home\/?p=3221"},"modified":"2023-04-11T13:49:29","modified_gmt":"2023-04-11T13:49:29","slug":"taller-de-lectura-y-escritura","status":"publish","type":"post","link":"http:\/\/www.santaana.gob.ar\/home\/2023\/04\/11\/taller-de-lectura-y-escritura\/","title":{"rendered":"TALLER DE LECTURA Y ESCRITURA"},"content":{"rendered":"<p>La Direcci\u00f3n de Cultura y Turismo de la Municipalidad de Santa Ana te invita a participar del Taller de Lectura y Escritura. Agend\u00e1 los d\u00edas y horarios en los que se dictar\u00e1 \ud83d\udc47<br \/>\n\ud83d\udcc6 Martes, inicia el 11 de abril<br \/>\n\ud83d\udd53 14.30 a 16.30 horas<br \/>\n\ud83d\udccd Instalaciones del NIDO<\/p>\n","protected":false},"excerpt":{"rendered":"<p>La Direcci\u00f3n de Cultura y Turismo de la Municipalidad de Santa Ana te invita a participar del Taller de Lectura y Escritura. Agend\u00e1 los d\u00edas y horarios en los que se dictar\u00e1 \ud83d\udc47 \ud83d\udcc6 Martes, inicia el 11 de abril \ud83d\udd53 14.30 a 16.30 horas \ud83d\udccd Instalaciones del NIDO<\/p>\n","protected":false},"author":1,"featured_media":3222,"comment_status":"open","ping_status":"open","sticky":false,"template":"","format":"standard","meta":{"footnotes":""},"categories":[1],"tags":[],"class_list":["post-3221","post","type-post","status-publish","format-standard","has-post-thumbnail","hentry","category-noticias"],"_links":{"self":[{"href":"http:\/\/www.santaana.gob.ar\/home\/wp-json\/wp\/v2\/posts\/3221","targetHints":{"allow":["GET"]}}],"collection":[{"href":"http:\/\/www.santaana.gob.ar\/home\/wp-json\/wp\/v2\/posts"}],"about":[{"href":"http:\/\/www.santaana.gob.ar\/home\/wp-json\/wp\/v2\/types\/post"}],"author":[{"embeddable":true,"href":"http:\/\/www.santaana.gob.ar\/home\/wp-json\/wp\/v2\/users\/1"}],"replies":[{"embeddable":true,"href":"http:\/\/www.santaana.gob.ar\/home\/wp-json\/wp\/v2\/comments?post=3221"}],"version-history":[{"count":1,"href":"http:\/\/www.santaana.gob.ar\/home\/wp-json\/wp\/v2\/posts\/3221\/revisions"}],"predecessor-version":[{"id":3223,"href":"http:\/\/www.santaana.gob.ar\/home\/wp-json\/wp\/v2\/posts\/3221\/revisions\/3223"}],"wp:featuredmedia":[{"embeddable":true,"href":"http:\/\/www.santaana.gob.ar\/home\/wp-json\/wp\/v2\/media\/3222"}],"wp:attachment":[{"href":"http:\/\/www.santaana.gob.ar\/home\/wp-json\/wp\/v2\/media?parent=3221"}],"wp:term":[{"taxonomy":"category","embeddable":true,"href":"http:\/\/www.santaana.gob.ar\/home\/wp-json\/wp\/v2\/categories?post=3221"},{"taxonomy":"post_tag","embeddable":true,"href":"http:\/\/www.santaana.gob.ar\/home\/wp-json\/wp\/v2\/tags?post=3221"}],"curies":[{"name":"wp","href":"https:\/\/api.w.org\/{rel}","templated":true}]}}