{"id":3218,"date":"2023-04-10T11:45:11","date_gmt":"2023-04-10T11:45:11","guid":{"rendered":"http:\/\/www.santaana.gob.ar\/home\/?p=3218"},"modified":"2023-04-10T11:45:11","modified_gmt":"2023-04-10T11:45:11","slug":"taller-de-radio-y-comunicacion","status":"publish","type":"post","link":"http:\/\/www.santaana.gob.ar\/home\/2023\/04\/10\/taller-de-radio-y-comunicacion\/","title":{"rendered":"TALLER DE RADIO Y COMUNICACI\u00d3N"},"content":{"rendered":"<p>La Direcci\u00f3n de Cultura y Turismo de la Municipalidad de Santa Ana te invita a participar del Taller de Radio y Comunicaci\u00f3n que estar\u00e1 cargo de Rodrigo Barrios Berterame. Agend\u00e1 los d\u00edas y horarios en los que se dictar\u00e1 \ud83d\udc47<br \/>\n\ud83d\udcc6 Jueves, inicia el 13 de abril<br \/>\n\ud83d\udd53 14.30 a 16.30 horas<br \/>\n\ud83d\udccd Instalaciones del NIDO<\/p>\n","protected":false},"excerpt":{"rendered":"<p>La Direcci\u00f3n de Cultura y Turismo de la Municipalidad de Santa Ana te invita a participar del Taller de Radio y Comunicaci\u00f3n que estar\u00e1 cargo de Rodrigo Barrios Berterame. Agend\u00e1 los d\u00edas y horarios en los que se dictar\u00e1 \ud83d\udc47 \ud83d\udcc6 Jueves, inicia el 13 de abril \ud83d\udd53 14.30 a 16.30 horas \ud83d\udccd Instalaciones del<a class=\"moretag\" href=\"http:\/\/www.santaana.gob.ar\/home\/2023\/04\/10\/taller-de-radio-y-comunicacion\/\"><span class=\"screen-reader-text\">Leer m\u00e1s sobre TALLER DE RADIO Y COMUNICACI\u00d3N<\/span>[&#8230;]<\/a><\/p>\n","protected":false},"author":1,"featured_media":3219,"comment_status":"open","ping_status":"open","sticky":false,"template":"","format":"standard","meta":{"footnotes":""},"categories":[1],"tags":[],"class_list":["post-3218","post","type-post","status-publish","format-standard","has-post-thumbnail","hentry","category-noticias"],"_links":{"self":[{"href":"http:\/\/www.santaana.gob.ar\/home\/wp-json\/wp\/v2\/posts\/3218","targetHints":{"allow":["GET"]}}],"collection":[{"href":"http:\/\/www.santaana.gob.ar\/home\/wp-json\/wp\/v2\/posts"}],"about":[{"href":"http:\/\/www.santaana.gob.ar\/home\/wp-json\/wp\/v2\/types\/post"}],"author":[{"embeddable":true,"href":"http:\/\/www.santaana.gob.ar\/home\/wp-json\/wp\/v2\/users\/1"}],"replies":[{"embeddable":true,"href":"http:\/\/www.santaana.gob.ar\/home\/wp-json\/wp\/v2\/comments?post=3218"}],"version-history":[{"count":1,"href":"http:\/\/www.santaana.gob.ar\/home\/wp-json\/wp\/v2\/posts\/3218\/revisions"}],"predecessor-version":[{"id":3220,"href":"http:\/\/www.santaana.gob.ar\/home\/wp-json\/wp\/v2\/posts\/3218\/revisions\/3220"}],"wp:featuredmedia":[{"embeddable":true,"href":"http:\/\/www.santaana.gob.ar\/home\/wp-json\/wp\/v2\/media\/3219"}],"wp:attachment":[{"href":"http:\/\/www.santaana.gob.ar\/home\/wp-json\/wp\/v2\/media?parent=3218"}],"wp:term":[{"taxonomy":"category","embeddable":true,"href":"http:\/\/www.santaana.gob.ar\/home\/wp-json\/wp\/v2\/categories?post=3218"},{"taxonomy":"post_tag","embeddable":true,"href":"http:\/\/www.santaana.gob.ar\/home\/wp-json\/wp\/v2\/tags?post=3218"}],"curies":[{"name":"wp","href":"https:\/\/api.w.org\/{rel}","templated":true}]}}