{"id":3212,"date":"2023-04-10T11:40:44","date_gmt":"2023-04-10T11:40:44","guid":{"rendered":"http:\/\/www.santaana.gob.ar\/home\/?p=3212"},"modified":"2023-04-10T11:40:44","modified_gmt":"2023-04-10T11:40:44","slug":"taller-de-corte-costura-y-confeccion","status":"publish","type":"post","link":"http:\/\/www.santaana.gob.ar\/home\/2023\/04\/10\/taller-de-corte-costura-y-confeccion\/","title":{"rendered":"TALLER DE CORTE, COSTURA Y CONFECCI\u00d3N"},"content":{"rendered":"<p>La Direcci\u00f3n de Acci\u00f3n Social de la Municipalidad de Santa Ana te invita a participar del Taller de Corte, Costura y Confecci\u00f3n que estar\u00e1 a cargo de Emilce Pe\u00f1a. Agend\u00e1 los d\u00edas y horarios en los que se dictar\u00e1 \ud83d\udc47<br \/>\n\ud83d\udcc6 Martes<br \/>\n\ud83d\udd53 15 a 17 horas<br \/>\n\ud83d\udccd Instalaciones del NIDO<\/p>\n","protected":false},"excerpt":{"rendered":"<p>La Direcci\u00f3n de Acci\u00f3n Social de la Municipalidad de Santa Ana te invita a participar del Taller de Corte, Costura y Confecci\u00f3n que estar\u00e1 a cargo de Emilce Pe\u00f1a. Agend\u00e1 los d\u00edas y horarios en los que se dictar\u00e1 \ud83d\udc47 \ud83d\udcc6 Martes \ud83d\udd53 15 a 17 horas \ud83d\udccd Instalaciones del NIDO<\/p>\n","protected":false},"author":1,"featured_media":3213,"comment_status":"open","ping_status":"open","sticky":false,"template":"","format":"standard","meta":{"footnotes":""},"categories":[1],"tags":[],"class_list":["post-3212","post","type-post","status-publish","format-standard","has-post-thumbnail","hentry","category-noticias"],"_links":{"self":[{"href":"http:\/\/www.santaana.gob.ar\/home\/wp-json\/wp\/v2\/posts\/3212","targetHints":{"allow":["GET"]}}],"collection":[{"href":"http:\/\/www.santaana.gob.ar\/home\/wp-json\/wp\/v2\/posts"}],"about":[{"href":"http:\/\/www.santaana.gob.ar\/home\/wp-json\/wp\/v2\/types\/post"}],"author":[{"embeddable":true,"href":"http:\/\/www.santaana.gob.ar\/home\/wp-json\/wp\/v2\/users\/1"}],"replies":[{"embeddable":true,"href":"http:\/\/www.santaana.gob.ar\/home\/wp-json\/wp\/v2\/comments?post=3212"}],"version-history":[{"count":1,"href":"http:\/\/www.santaana.gob.ar\/home\/wp-json\/wp\/v2\/posts\/3212\/revisions"}],"predecessor-version":[{"id":3214,"href":"http:\/\/www.santaana.gob.ar\/home\/wp-json\/wp\/v2\/posts\/3212\/revisions\/3214"}],"wp:featuredmedia":[{"embeddable":true,"href":"http:\/\/www.santaana.gob.ar\/home\/wp-json\/wp\/v2\/media\/3213"}],"wp:attachment":[{"href":"http:\/\/www.santaana.gob.ar\/home\/wp-json\/wp\/v2\/media?parent=3212"}],"wp:term":[{"taxonomy":"category","embeddable":true,"href":"http:\/\/www.santaana.gob.ar\/home\/wp-json\/wp\/v2\/categories?post=3212"},{"taxonomy":"post_tag","embeddable":true,"href":"http:\/\/www.santaana.gob.ar\/home\/wp-json\/wp\/v2\/tags?post=3212"}],"curies":[{"name":"wp","href":"https:\/\/api.w.org\/{rel}","templated":true}]}}