{"id":3209,"date":"2023-04-06T14:22:19","date_gmt":"2023-04-06T14:22:19","guid":{"rendered":"http:\/\/www.santaana.gob.ar\/home\/?p=3209"},"modified":"2023-04-06T14:22:19","modified_gmt":"2023-04-06T14:22:19","slug":"taller-de-gastronomia","status":"publish","type":"post","link":"http:\/\/www.santaana.gob.ar\/home\/2023\/04\/06\/taller-de-gastronomia\/","title":{"rendered":"TALLER DE GASTRONOM\u00cdA"},"content":{"rendered":"<p>La Direcci\u00f3n de Cultura y Turismo de la Municipalidad de Santa Ana te invita a participar del Taller de Gastronom\u00eda que estar\u00e1 a cargo de Gisella Beguristain. Agend\u00e1 los d\u00edas y horarios en los que se dictar\u00e1 \ud83d\udc47<br \/>\n\ud83d\udcc6 Lunes<br \/>\n\ud83d\udd53 14 a 17 horas<br \/>\n\ud83d\udccd Instalaciones del NIDO<\/p>\n","protected":false},"excerpt":{"rendered":"<p>La Direcci\u00f3n de Cultura y Turismo de la Municipalidad de Santa Ana te invita a participar del Taller de Gastronom\u00eda que estar\u00e1 a cargo de Gisella Beguristain. Agend\u00e1 los d\u00edas y horarios en los que se dictar\u00e1 \ud83d\udc47 \ud83d\udcc6 Lunes \ud83d\udd53 14 a 17 horas \ud83d\udccd Instalaciones del NIDO<\/p>\n","protected":false},"author":1,"featured_media":3210,"comment_status":"open","ping_status":"open","sticky":false,"template":"","format":"standard","meta":{"footnotes":""},"categories":[1],"tags":[],"class_list":["post-3209","post","type-post","status-publish","format-standard","has-post-thumbnail","hentry","category-noticias"],"_links":{"self":[{"href":"http:\/\/www.santaana.gob.ar\/home\/wp-json\/wp\/v2\/posts\/3209","targetHints":{"allow":["GET"]}}],"collection":[{"href":"http:\/\/www.santaana.gob.ar\/home\/wp-json\/wp\/v2\/posts"}],"about":[{"href":"http:\/\/www.santaana.gob.ar\/home\/wp-json\/wp\/v2\/types\/post"}],"author":[{"embeddable":true,"href":"http:\/\/www.santaana.gob.ar\/home\/wp-json\/wp\/v2\/users\/1"}],"replies":[{"embeddable":true,"href":"http:\/\/www.santaana.gob.ar\/home\/wp-json\/wp\/v2\/comments?post=3209"}],"version-history":[{"count":1,"href":"http:\/\/www.santaana.gob.ar\/home\/wp-json\/wp\/v2\/posts\/3209\/revisions"}],"predecessor-version":[{"id":3211,"href":"http:\/\/www.santaana.gob.ar\/home\/wp-json\/wp\/v2\/posts\/3209\/revisions\/3211"}],"wp:featuredmedia":[{"embeddable":true,"href":"http:\/\/www.santaana.gob.ar\/home\/wp-json\/wp\/v2\/media\/3210"}],"wp:attachment":[{"href":"http:\/\/www.santaana.gob.ar\/home\/wp-json\/wp\/v2\/media?parent=3209"}],"wp:term":[{"taxonomy":"category","embeddable":true,"href":"http:\/\/www.santaana.gob.ar\/home\/wp-json\/wp\/v2\/categories?post=3209"},{"taxonomy":"post_tag","embeddable":true,"href":"http:\/\/www.santaana.gob.ar\/home\/wp-json\/wp\/v2\/tags?post=3209"}],"curies":[{"name":"wp","href":"https:\/\/api.w.org\/{rel}","templated":true}]}}