{"id":3200,"date":"2023-04-05T11:16:41","date_gmt":"2023-04-05T11:16:41","guid":{"rendered":"http:\/\/www.santaana.gob.ar\/home\/?p=3200"},"modified":"2023-04-05T11:16:41","modified_gmt":"2023-04-05T11:16:41","slug":"apertura-de-sobres-para-la-perforacion-termal","status":"publish","type":"post","link":"http:\/\/www.santaana.gob.ar\/home\/2023\/04\/05\/apertura-de-sobres-para-la-perforacion-termal\/","title":{"rendered":"APERTURA DE SOBRES PARA LA PERFORACI\u00d3N TERMAL"},"content":{"rendered":"<p>Este martes 04 de abril  se llev\u00f3 a cabo, en la Municipalidad de Santa Ana, la apertura de sobres correspondiente a la Licitaci\u00f3n P\u00fablica N\u00b0 01\/2023, para la obra \u00abPerforaci\u00f3n de aguas Termales en Santa Ana\u00bb.<br \/>\n\u25aa\ufe0f Una vez abierto el proceso licitatorio se constat\u00f3 la presentaci\u00f3n de una oferta perteneciente a la firma Velitec S A. con domicilio en la ciudad de C\u00f3rdoba, por la suma de $ 269.512.981,07.<br \/>\n\u25aa\ufe0f En la apertura de sobres estuvieron presentes el Intendente Rogelio Zanandrea, el vocal del ERRTER Miguel Cattani, el Secretario Municipal Ing. Carlos Dalzotto, el Director de Hacienda Cdor. Julio Fochesatto, el Director de Planeamiento Arq. Luis Kohmann y el Ing. Maximiliano Comba, representante T\u00e9cnico de la empresa Velitec S.A.<\/p>\n","protected":false},"excerpt":{"rendered":"<p>Este martes 04 de abril se llev\u00f3 a cabo, en la Municipalidad de Santa Ana, la apertura de sobres correspondiente a la Licitaci\u00f3n P\u00fablica N\u00b0 01\/2023, para la obra \u00abPerforaci\u00f3n de aguas Termales en Santa Ana\u00bb. \u25aa\ufe0f Una vez abierto el proceso licitatorio se constat\u00f3 la presentaci\u00f3n de una oferta perteneciente a la firma Velitec<a class=\"moretag\" href=\"http:\/\/www.santaana.gob.ar\/home\/2023\/04\/05\/apertura-de-sobres-para-la-perforacion-termal\/\"><span class=\"screen-reader-text\">Leer m\u00e1s sobre APERTURA DE SOBRES PARA LA PERFORACI\u00d3N TERMAL<\/span>[&#8230;]<\/a><\/p>\n","protected":false},"author":1,"featured_media":3201,"comment_status":"open","ping_status":"open","sticky":false,"template":"","format":"standard","meta":{"footnotes":""},"categories":[1],"tags":[],"class_list":["post-3200","post","type-post","status-publish","format-standard","has-post-thumbnail","hentry","category-noticias"],"_links":{"self":[{"href":"http:\/\/www.santaana.gob.ar\/home\/wp-json\/wp\/v2\/posts\/3200","targetHints":{"allow":["GET"]}}],"collection":[{"href":"http:\/\/www.santaana.gob.ar\/home\/wp-json\/wp\/v2\/posts"}],"about":[{"href":"http:\/\/www.santaana.gob.ar\/home\/wp-json\/wp\/v2\/types\/post"}],"author":[{"embeddable":true,"href":"http:\/\/www.santaana.gob.ar\/home\/wp-json\/wp\/v2\/users\/1"}],"replies":[{"embeddable":true,"href":"http:\/\/www.santaana.gob.ar\/home\/wp-json\/wp\/v2\/comments?post=3200"}],"version-history":[{"count":1,"href":"http:\/\/www.santaana.gob.ar\/home\/wp-json\/wp\/v2\/posts\/3200\/revisions"}],"predecessor-version":[{"id":3202,"href":"http:\/\/www.santaana.gob.ar\/home\/wp-json\/wp\/v2\/posts\/3200\/revisions\/3202"}],"wp:featuredmedia":[{"embeddable":true,"href":"http:\/\/www.santaana.gob.ar\/home\/wp-json\/wp\/v2\/media\/3201"}],"wp:attachment":[{"href":"http:\/\/www.santaana.gob.ar\/home\/wp-json\/wp\/v2\/media?parent=3200"}],"wp:term":[{"taxonomy":"category","embeddable":true,"href":"http:\/\/www.santaana.gob.ar\/home\/wp-json\/wp\/v2\/categories?post=3200"},{"taxonomy":"post_tag","embeddable":true,"href":"http:\/\/www.santaana.gob.ar\/home\/wp-json\/wp\/v2\/tags?post=3200"}],"curies":[{"name":"wp","href":"https:\/\/api.w.org\/{rel}","templated":true}]}}