{"id":3197,"date":"2023-03-31T21:01:15","date_gmt":"2023-03-31T21:01:15","guid":{"rendered":"http:\/\/www.santaana.gob.ar\/home\/?p=3197"},"modified":"2023-03-31T21:01:15","modified_gmt":"2023-03-31T21:01:15","slug":"mas-aportes-municipales-para-la-educacion","status":"publish","type":"post","link":"http:\/\/www.santaana.gob.ar\/home\/2023\/03\/31\/mas-aportes-municipales-para-la-educacion\/","title":{"rendered":"M\u00c1S APORTES MUNICIPALES PARA LA EDUCACI\u00d3N"},"content":{"rendered":"<p>Hoy el Intendente Rogelio Zanandrea estuvo visitando la Escuela Primaria N\u00b010 \u00abEsteban Echeverria\u00bb, ubicada en la planta urbana de Santa Ana.<br \/>\n\u25aa\ufe0f All\u00ed, y con el compromiso de acompa\u00f1ar y colaborar con el desarrollo educativo, entreg\u00f3 a la Directora Prof. Maria In\u00e9s Zampedri un aporte para cubrir el servicio de Internet en el establecimiento educativo durante todo este a\u00f1o.<br \/>\n\u25aa\ufe0f Adem\u00e1s el mandatario estuvo dialogando sobre las distintas necesidades e inquietudes para el desarrollo de sus actividades.<br \/>\n\ud83d\ude4c El gobierno de Santa Ana siempre presente acompa\u00f1ando la gran labor que desarrollan por la educaci\u00f3n de nuestra comunidad.<\/p>\n","protected":false},"excerpt":{"rendered":"<p>Hoy el Intendente Rogelio Zanandrea estuvo visitando la Escuela Primaria N\u00b010 \u00abEsteban Echeverria\u00bb, ubicada en la planta urbana de Santa Ana. \u25aa\ufe0f All\u00ed, y con el compromiso de acompa\u00f1ar y colaborar con el desarrollo educativo, entreg\u00f3 a la Directora Prof. Maria In\u00e9s Zampedri un aporte para cubrir el servicio de Internet en el establecimiento educativo<a class=\"moretag\" href=\"http:\/\/www.santaana.gob.ar\/home\/2023\/03\/31\/mas-aportes-municipales-para-la-educacion\/\"><span class=\"screen-reader-text\">Leer m\u00e1s sobre M\u00c1S APORTES MUNICIPALES PARA LA EDUCACI\u00d3N<\/span>[&#8230;]<\/a><\/p>\n","protected":false},"author":1,"featured_media":3198,"comment_status":"open","ping_status":"open","sticky":false,"template":"","format":"standard","meta":{"footnotes":""},"categories":[1],"tags":[],"class_list":["post-3197","post","type-post","status-publish","format-standard","has-post-thumbnail","hentry","category-noticias"],"_links":{"self":[{"href":"http:\/\/www.santaana.gob.ar\/home\/wp-json\/wp\/v2\/posts\/3197","targetHints":{"allow":["GET"]}}],"collection":[{"href":"http:\/\/www.santaana.gob.ar\/home\/wp-json\/wp\/v2\/posts"}],"about":[{"href":"http:\/\/www.santaana.gob.ar\/home\/wp-json\/wp\/v2\/types\/post"}],"author":[{"embeddable":true,"href":"http:\/\/www.santaana.gob.ar\/home\/wp-json\/wp\/v2\/users\/1"}],"replies":[{"embeddable":true,"href":"http:\/\/www.santaana.gob.ar\/home\/wp-json\/wp\/v2\/comments?post=3197"}],"version-history":[{"count":1,"href":"http:\/\/www.santaana.gob.ar\/home\/wp-json\/wp\/v2\/posts\/3197\/revisions"}],"predecessor-version":[{"id":3199,"href":"http:\/\/www.santaana.gob.ar\/home\/wp-json\/wp\/v2\/posts\/3197\/revisions\/3199"}],"wp:featuredmedia":[{"embeddable":true,"href":"http:\/\/www.santaana.gob.ar\/home\/wp-json\/wp\/v2\/media\/3198"}],"wp:attachment":[{"href":"http:\/\/www.santaana.gob.ar\/home\/wp-json\/wp\/v2\/media?parent=3197"}],"wp:term":[{"taxonomy":"category","embeddable":true,"href":"http:\/\/www.santaana.gob.ar\/home\/wp-json\/wp\/v2\/categories?post=3197"},{"taxonomy":"post_tag","embeddable":true,"href":"http:\/\/www.santaana.gob.ar\/home\/wp-json\/wp\/v2\/tags?post=3197"}],"curies":[{"name":"wp","href":"https:\/\/api.w.org\/{rel}","templated":true}]}}