{"id":3192,"date":"2023-03-29T22:59:46","date_gmt":"2023-03-29T22:59:46","guid":{"rendered":"http:\/\/www.santaana.gob.ar\/home\/?p=3192"},"modified":"2023-03-29T22:59:46","modified_gmt":"2023-03-29T22:59:46","slug":"juegos-evita-2023","status":"publish","type":"post","link":"http:\/\/www.santaana.gob.ar\/home\/2023\/03\/29\/juegos-evita-2023\/","title":{"rendered":"JUEGOS EVITA 2023"},"content":{"rendered":"<p>LOS JUEGOS EVITA 2023 EN AGENDA<br \/>\n\u25aa\ufe0f Este martes 28 de marzo en la ciudad de Villaguay se llev\u00f3 a cabo la reuni\u00f3n t\u00e9cnica para los Juegos Evita 2023 y Abuelos en Acci\u00f3n 2023.All\u00ed estuvieron participando representantes del \u00e1rea de deportes de nuestra municipalidad junto al Secretario de Deportes de la provincia, Cdor. Jos\u00e9 G\u00f3mez, diferentes autoridades y responsables de las distintas \u00e1reas de la repartici\u00f3n.<br \/>\n\u25aa\ufe0f El objetivo de la misma fue coordinar la agenda y actividades de lo que ser\u00e1n estas competencias y se despejaron dudas con respecto a la organizaci\u00f3n.<\/p>\n","protected":false},"excerpt":{"rendered":"<p>LOS JUEGOS EVITA 2023 EN AGENDA \u25aa\ufe0f Este martes 28 de marzo en la ciudad de Villaguay se llev\u00f3 a cabo la reuni\u00f3n t\u00e9cnica para los Juegos Evita 2023 y Abuelos en Acci\u00f3n 2023.All\u00ed estuvieron participando representantes del \u00e1rea de deportes de nuestra municipalidad junto al Secretario de Deportes de la provincia, Cdor. Jos\u00e9 G\u00f3mez,<a class=\"moretag\" href=\"http:\/\/www.santaana.gob.ar\/home\/2023\/03\/29\/juegos-evita-2023\/\"><span class=\"screen-reader-text\">Leer m\u00e1s sobre JUEGOS EVITA 2023<\/span>[&#8230;]<\/a><\/p>\n","protected":false},"author":1,"featured_media":3193,"comment_status":"open","ping_status":"open","sticky":false,"template":"","format":"standard","meta":{"footnotes":""},"categories":[1],"tags":[],"class_list":["post-3192","post","type-post","status-publish","format-standard","has-post-thumbnail","hentry","category-noticias"],"_links":{"self":[{"href":"http:\/\/www.santaana.gob.ar\/home\/wp-json\/wp\/v2\/posts\/3192","targetHints":{"allow":["GET"]}}],"collection":[{"href":"http:\/\/www.santaana.gob.ar\/home\/wp-json\/wp\/v2\/posts"}],"about":[{"href":"http:\/\/www.santaana.gob.ar\/home\/wp-json\/wp\/v2\/types\/post"}],"author":[{"embeddable":true,"href":"http:\/\/www.santaana.gob.ar\/home\/wp-json\/wp\/v2\/users\/1"}],"replies":[{"embeddable":true,"href":"http:\/\/www.santaana.gob.ar\/home\/wp-json\/wp\/v2\/comments?post=3192"}],"version-history":[{"count":1,"href":"http:\/\/www.santaana.gob.ar\/home\/wp-json\/wp\/v2\/posts\/3192\/revisions"}],"predecessor-version":[{"id":3194,"href":"http:\/\/www.santaana.gob.ar\/home\/wp-json\/wp\/v2\/posts\/3192\/revisions\/3194"}],"wp:featuredmedia":[{"embeddable":true,"href":"http:\/\/www.santaana.gob.ar\/home\/wp-json\/wp\/v2\/media\/3193"}],"wp:attachment":[{"href":"http:\/\/www.santaana.gob.ar\/home\/wp-json\/wp\/v2\/media?parent=3192"}],"wp:term":[{"taxonomy":"category","embeddable":true,"href":"http:\/\/www.santaana.gob.ar\/home\/wp-json\/wp\/v2\/categories?post=3192"},{"taxonomy":"post_tag","embeddable":true,"href":"http:\/\/www.santaana.gob.ar\/home\/wp-json\/wp\/v2\/tags?post=3192"}],"curies":[{"name":"wp","href":"https:\/\/api.w.org\/{rel}","templated":true}]}}