{"id":3187,"date":"2023-03-22T11:33:25","date_gmt":"2023-03-22T11:33:25","guid":{"rendered":"http:\/\/www.santaana.gob.ar\/home\/?p=3187"},"modified":"2023-03-22T11:33:25","modified_gmt":"2023-03-22T11:33:25","slug":"arrancan-los-talleres-municipales","status":"publish","type":"post","link":"http:\/\/www.santaana.gob.ar\/home\/2023\/03\/22\/arrancan-los-talleres-municipales\/","title":{"rendered":"ARRANCAN LOS TALLERES MUNICIPALES"},"content":{"rendered":"<p>La Municipalidad de Santa Ana informa que se encuentran abiertas las inscripciones para los talleres municipales, que iniciar\u00e1n su dictado en abril.<br \/>\n\u00bfEn qu\u00e9 talleres te podes anotar? Agend\u00e1: canto, guitarra, gastronom\u00eda, ajedrez, danzas folcl\u00f3ricas y taller costura, corte y confecci\u00f3n.<br \/>\n\u2139 Los que est\u00e9n interesados pueden pedir m\u00e1s info a los siguientes tel\u00e9fonos: 492111 o 3456439065.<\/p>\n","protected":false},"excerpt":{"rendered":"<p>La Municipalidad de Santa Ana informa que se encuentran abiertas las inscripciones para los talleres municipales, que iniciar\u00e1n su dictado en abril. \u00bfEn qu\u00e9 talleres te podes anotar? Agend\u00e1: canto, guitarra, gastronom\u00eda, ajedrez, danzas folcl\u00f3ricas y taller costura, corte y confecci\u00f3n. \u2139 Los que est\u00e9n interesados pueden pedir m\u00e1s info a los siguientes tel\u00e9fonos: 492111<a class=\"moretag\" href=\"http:\/\/www.santaana.gob.ar\/home\/2023\/03\/22\/arrancan-los-talleres-municipales\/\"><span class=\"screen-reader-text\">Leer m\u00e1s sobre ARRANCAN LOS TALLERES MUNICIPALES<\/span>[&#8230;]<\/a><\/p>\n","protected":false},"author":1,"featured_media":3188,"comment_status":"open","ping_status":"open","sticky":false,"template":"","format":"standard","meta":{"footnotes":""},"categories":[1],"tags":[],"class_list":["post-3187","post","type-post","status-publish","format-standard","has-post-thumbnail","hentry","category-noticias"],"_links":{"self":[{"href":"http:\/\/www.santaana.gob.ar\/home\/wp-json\/wp\/v2\/posts\/3187","targetHints":{"allow":["GET"]}}],"collection":[{"href":"http:\/\/www.santaana.gob.ar\/home\/wp-json\/wp\/v2\/posts"}],"about":[{"href":"http:\/\/www.santaana.gob.ar\/home\/wp-json\/wp\/v2\/types\/post"}],"author":[{"embeddable":true,"href":"http:\/\/www.santaana.gob.ar\/home\/wp-json\/wp\/v2\/users\/1"}],"replies":[{"embeddable":true,"href":"http:\/\/www.santaana.gob.ar\/home\/wp-json\/wp\/v2\/comments?post=3187"}],"version-history":[{"count":1,"href":"http:\/\/www.santaana.gob.ar\/home\/wp-json\/wp\/v2\/posts\/3187\/revisions"}],"predecessor-version":[{"id":3189,"href":"http:\/\/www.santaana.gob.ar\/home\/wp-json\/wp\/v2\/posts\/3187\/revisions\/3189"}],"wp:featuredmedia":[{"embeddable":true,"href":"http:\/\/www.santaana.gob.ar\/home\/wp-json\/wp\/v2\/media\/3188"}],"wp:attachment":[{"href":"http:\/\/www.santaana.gob.ar\/home\/wp-json\/wp\/v2\/media?parent=3187"}],"wp:term":[{"taxonomy":"category","embeddable":true,"href":"http:\/\/www.santaana.gob.ar\/home\/wp-json\/wp\/v2\/categories?post=3187"},{"taxonomy":"post_tag","embeddable":true,"href":"http:\/\/www.santaana.gob.ar\/home\/wp-json\/wp\/v2\/tags?post=3187"}],"curies":[{"name":"wp","href":"https:\/\/api.w.org\/{rel}","templated":true}]}}