{"id":3185,"date":"2023-03-21T13:31:07","date_gmt":"2023-03-21T13:31:07","guid":{"rendered":"http:\/\/www.santaana.gob.ar\/home\/?p=3185"},"modified":"2023-03-21T13:31:07","modified_gmt":"2023-03-21T13:31:07","slug":"prorroga-para-la-emergencia-agropecuaria-3","status":"publish","type":"post","link":"http:\/\/www.santaana.gob.ar\/home\/2023\/03\/21\/prorroga-para-la-emergencia-agropecuaria-3\/","title":{"rendered":"PR\u00d3RROGA PARA LA EMERGENCIA AGROPECUARIA"},"content":{"rendered":"<p>La Municipalidad de Santa Ana informa a los productores que se extendi\u00f3 la presentaci\u00f3n de las Declaraciones Juradas para acceder al beneficio por emergencia agropecuaria. La pr\u00f3rroga es hasta el 31 de marzo de 2023.<br \/>\n\ud83d\udcbb El gobierno provincial recepcionar\u00e1 las declaraciones juradas presentadas de manera online por aquellos productores afectados por la sequ\u00eda y que est\u00e9n incluidos en el decreto de Emergencia y\/o Desastre Agropecuario N\u00ba 4.727.<br \/>\n\u2139\ufe0f Por mas informaci\u00f3n pueden ingresar a https:\/\/bit.ly\/3ZwVyLa o bien llamar a la Municipalidad de Santa Ana al 3456-492111 \/ 492112.<\/p>\n","protected":false},"excerpt":{"rendered":"<p>La Municipalidad de Santa Ana informa a los productores que se extendi\u00f3 la presentaci\u00f3n de las Declaraciones Juradas para acceder al beneficio por emergencia agropecuaria. La pr\u00f3rroga es hasta el 31 de marzo de 2023. \ud83d\udcbb El gobierno provincial recepcionar\u00e1 las declaraciones juradas presentadas de manera online por aquellos productores afectados por la sequ\u00eda y<a class=\"moretag\" href=\"http:\/\/www.santaana.gob.ar\/home\/2023\/03\/21\/prorroga-para-la-emergencia-agropecuaria-3\/\"><span class=\"screen-reader-text\">Leer m\u00e1s sobre PR\u00d3RROGA PARA LA EMERGENCIA AGROPECUARIA<\/span>[&#8230;]<\/a><\/p>\n","protected":false},"author":1,"featured_media":3128,"comment_status":"open","ping_status":"open","sticky":false,"template":"","format":"standard","meta":{"footnotes":""},"categories":[1],"tags":[],"class_list":["post-3185","post","type-post","status-publish","format-standard","has-post-thumbnail","hentry","category-noticias"],"_links":{"self":[{"href":"http:\/\/www.santaana.gob.ar\/home\/wp-json\/wp\/v2\/posts\/3185","targetHints":{"allow":["GET"]}}],"collection":[{"href":"http:\/\/www.santaana.gob.ar\/home\/wp-json\/wp\/v2\/posts"}],"about":[{"href":"http:\/\/www.santaana.gob.ar\/home\/wp-json\/wp\/v2\/types\/post"}],"author":[{"embeddable":true,"href":"http:\/\/www.santaana.gob.ar\/home\/wp-json\/wp\/v2\/users\/1"}],"replies":[{"embeddable":true,"href":"http:\/\/www.santaana.gob.ar\/home\/wp-json\/wp\/v2\/comments?post=3185"}],"version-history":[{"count":1,"href":"http:\/\/www.santaana.gob.ar\/home\/wp-json\/wp\/v2\/posts\/3185\/revisions"}],"predecessor-version":[{"id":3186,"href":"http:\/\/www.santaana.gob.ar\/home\/wp-json\/wp\/v2\/posts\/3185\/revisions\/3186"}],"wp:featuredmedia":[{"embeddable":true,"href":"http:\/\/www.santaana.gob.ar\/home\/wp-json\/wp\/v2\/media\/3128"}],"wp:attachment":[{"href":"http:\/\/www.santaana.gob.ar\/home\/wp-json\/wp\/v2\/media?parent=3185"}],"wp:term":[{"taxonomy":"category","embeddable":true,"href":"http:\/\/www.santaana.gob.ar\/home\/wp-json\/wp\/v2\/categories?post=3185"},{"taxonomy":"post_tag","embeddable":true,"href":"http:\/\/www.santaana.gob.ar\/home\/wp-json\/wp\/v2\/tags?post=3185"}],"curies":[{"name":"wp","href":"https:\/\/api.w.org\/{rel}","templated":true}]}}