{"id":3175,"date":"2023-03-16T12:48:46","date_gmt":"2023-03-16T12:48:46","guid":{"rendered":"http:\/\/www.santaana.gob.ar\/home\/?p=3175"},"modified":"2023-03-16T12:48:46","modified_gmt":"2023-03-16T12:48:46","slug":"aportes-para-la-educacion-2","status":"publish","type":"post","link":"http:\/\/www.santaana.gob.ar\/home\/2023\/03\/16\/aportes-para-la-educacion-2\/","title":{"rendered":"APORTES PARA LA EDUCACI\u00d3N"},"content":{"rendered":"<p>El Intendente Rogelio Zanandrea estuvo visitando la Escuela Primaria N\u00b04 \u00abJos\u00e9 Miguel Galan\u00bb y la Escuela Secundaria N\u00b010 \u00abCheroga Mokoi\u00bb, de Colonia Ensanche Sauce, donde tuvo la oportunidad de recorrer las obras realizadas en los ingresos al establecimiento educativo y las veredas que se llevaron a cabo con aportes del municipio.<br \/>\n\u25aa\ufe0f Ambos colegios comparten el edificio escolar y poseen una importante matr\u00edcula de alumnos de la zona rural de Santa Ana.<br \/>\n\ud83d\udcaa Adem\u00e1s, con la promesa de acompa\u00f1ar y colaborar, hoy nuestra Municipalidad cumpli\u00f3 con un aporte para cubrir el servicio de Internet en el establecimiento durante todo este a\u00f1o.<br \/>\n\ud83e\udd1d El Intendente tambi\u00e9n estuvo dialogando con las directoras de ambos colegios, donde plantearon distintas necesidades e inquietudes para el desarrollo de sus actividades.<br \/>\n\ud83d\ude4c El gobierno de Santa Ana presente acompa\u00f1ando la gran labor que desarrollan por la educaci\u00f3n de nuestra comunidad.<\/p>\n","protected":false},"excerpt":{"rendered":"<p>El Intendente Rogelio Zanandrea estuvo visitando la Escuela Primaria N\u00b04 \u00abJos\u00e9 Miguel Galan\u00bb y la Escuela Secundaria N\u00b010 \u00abCheroga Mokoi\u00bb, de Colonia Ensanche Sauce, donde tuvo la oportunidad de recorrer las obras realizadas en los ingresos al establecimiento educativo y las veredas que se llevaron a cabo con aportes del municipio. \u25aa\ufe0f Ambos colegios comparten<a class=\"moretag\" href=\"http:\/\/www.santaana.gob.ar\/home\/2023\/03\/16\/aportes-para-la-educacion-2\/\"><span class=\"screen-reader-text\">Leer m\u00e1s sobre APORTES PARA LA EDUCACI\u00d3N<\/span>[&#8230;]<\/a><\/p>\n","protected":false},"author":1,"featured_media":3176,"comment_status":"open","ping_status":"open","sticky":false,"template":"","format":"standard","meta":{"footnotes":""},"categories":[1],"tags":[],"class_list":["post-3175","post","type-post","status-publish","format-standard","has-post-thumbnail","hentry","category-noticias"],"_links":{"self":[{"href":"http:\/\/www.santaana.gob.ar\/home\/wp-json\/wp\/v2\/posts\/3175","targetHints":{"allow":["GET"]}}],"collection":[{"href":"http:\/\/www.santaana.gob.ar\/home\/wp-json\/wp\/v2\/posts"}],"about":[{"href":"http:\/\/www.santaana.gob.ar\/home\/wp-json\/wp\/v2\/types\/post"}],"author":[{"embeddable":true,"href":"http:\/\/www.santaana.gob.ar\/home\/wp-json\/wp\/v2\/users\/1"}],"replies":[{"embeddable":true,"href":"http:\/\/www.santaana.gob.ar\/home\/wp-json\/wp\/v2\/comments?post=3175"}],"version-history":[{"count":1,"href":"http:\/\/www.santaana.gob.ar\/home\/wp-json\/wp\/v2\/posts\/3175\/revisions"}],"predecessor-version":[{"id":3177,"href":"http:\/\/www.santaana.gob.ar\/home\/wp-json\/wp\/v2\/posts\/3175\/revisions\/3177"}],"wp:featuredmedia":[{"embeddable":true,"href":"http:\/\/www.santaana.gob.ar\/home\/wp-json\/wp\/v2\/media\/3176"}],"wp:attachment":[{"href":"http:\/\/www.santaana.gob.ar\/home\/wp-json\/wp\/v2\/media?parent=3175"}],"wp:term":[{"taxonomy":"category","embeddable":true,"href":"http:\/\/www.santaana.gob.ar\/home\/wp-json\/wp\/v2\/categories?post=3175"},{"taxonomy":"post_tag","embeddable":true,"href":"http:\/\/www.santaana.gob.ar\/home\/wp-json\/wp\/v2\/tags?post=3175"}],"curies":[{"name":"wp","href":"https:\/\/api.w.org\/{rel}","templated":true}]}}