{"id":3164,"date":"2023-03-15T14:16:16","date_gmt":"2023-03-15T14:16:16","guid":{"rendered":"http:\/\/www.santaana.gob.ar\/home\/?p=3164"},"modified":"2023-04-05T11:16:52","modified_gmt":"2023-04-05T11:16:52","slug":"prorroga-licitacion-publica-para-la-perforacion-termal","status":"publish","type":"post","link":"http:\/\/www.santaana.gob.ar\/home\/2023\/03\/15\/prorroga-licitacion-publica-para-la-perforacion-termal\/","title":{"rendered":"PRORROGA: LICITACI\u00d3N P\u00daBLICA PARA LA PERFORACI\u00d3N TERMAL"},"content":{"rendered":"<p>El Intendente Rogelio Zanandrea firm\u00f3 el Decreto a trav\u00e9s del cual se dispone UNA PRORROGA para el llamado a licitaci\u00f3n p\u00fablica para la Perforaci\u00f3n Termal en Santa Ana.<br \/>\n\ud83d\ude4c Esta obra, que tuvo su permiso mediante Decreto N\u00ba3819\/2022 del Gobierno de Entre R\u00edos, ser\u00e1 de gran importancia para nuestra ciudad, ya que por un lado posibilitar\u00e1 la generaci\u00f3n de puestos de trabajo en las distintas inversiones brindando ocupaci\u00f3n a nuestros pobladores y por el otro, permitir\u00e1 posicionarnos como un destino tur\u00edstico termal m\u00e1s en la provincia, fortaleciendo la actividad durante todo el a\u00f1o.<br \/>\n\u25aa\ufe0f La apertura de sobres se realizar\u00e1 el martes 04 de abril a las 10:00 horas.<\/p>\n<style>\n    #link { color: #0000ff; } \/* CSS link color *\/<br \/>\n  <\/style>\n<p><a id=\"link\" href=\"http:\/\/www.santaana.gob.ar\/Licitaciones\/LicPub012023\/Dec_302023.pdf\"><b> DESCARGAR DECRETO PRORROGA<\/b><\/a><br \/>\n<a href=\"http:\/\/www.santaana.gob.ar\/Licitaciones\/LicPub012023\/Pliegos.pdf\"> DESCARGAR PLIEGOS Y DOCUMENTACI\u00d3N<\/a><\/p>\n","protected":false},"excerpt":{"rendered":"<p>El Intendente Rogelio Zanandrea firm\u00f3 el Decreto a trav\u00e9s del cual se dispone UNA PRORROGA para el llamado a licitaci\u00f3n p\u00fablica para la Perforaci\u00f3n Termal en Santa Ana. \ud83d\ude4c Esta obra, que tuvo su permiso mediante Decreto N\u00ba3819\/2022 del Gobierno de Entre R\u00edos, ser\u00e1 de gran importancia para nuestra ciudad, ya que por un lado<a class=\"moretag\" href=\"http:\/\/www.santaana.gob.ar\/home\/2023\/03\/15\/prorroga-licitacion-publica-para-la-perforacion-termal\/\"><span class=\"screen-reader-text\">Leer m\u00e1s sobre PRORROGA: LICITACI\u00d3N P\u00daBLICA PARA LA PERFORACI\u00d3N TERMAL<\/span>[&#8230;]<\/a><\/p>\n","protected":false},"author":1,"featured_media":3099,"comment_status":"open","ping_status":"open","sticky":false,"template":"","format":"standard","meta":{"footnotes":""},"categories":[1],"tags":[],"class_list":["post-3164","post","type-post","status-publish","format-standard","has-post-thumbnail","hentry","category-noticias"],"_links":{"self":[{"href":"http:\/\/www.santaana.gob.ar\/home\/wp-json\/wp\/v2\/posts\/3164","targetHints":{"allow":["GET"]}}],"collection":[{"href":"http:\/\/www.santaana.gob.ar\/home\/wp-json\/wp\/v2\/posts"}],"about":[{"href":"http:\/\/www.santaana.gob.ar\/home\/wp-json\/wp\/v2\/types\/post"}],"author":[{"embeddable":true,"href":"http:\/\/www.santaana.gob.ar\/home\/wp-json\/wp\/v2\/users\/1"}],"replies":[{"embeddable":true,"href":"http:\/\/www.santaana.gob.ar\/home\/wp-json\/wp\/v2\/comments?post=3164"}],"version-history":[{"count":7,"href":"http:\/\/www.santaana.gob.ar\/home\/wp-json\/wp\/v2\/posts\/3164\/revisions"}],"predecessor-version":[{"id":3174,"href":"http:\/\/www.santaana.gob.ar\/home\/wp-json\/wp\/v2\/posts\/3164\/revisions\/3174"}],"wp:featuredmedia":[{"embeddable":true,"href":"http:\/\/www.santaana.gob.ar\/home\/wp-json\/wp\/v2\/media\/3099"}],"wp:attachment":[{"href":"http:\/\/www.santaana.gob.ar\/home\/wp-json\/wp\/v2\/media?parent=3164"}],"wp:term":[{"taxonomy":"category","embeddable":true,"href":"http:\/\/www.santaana.gob.ar\/home\/wp-json\/wp\/v2\/categories?post=3164"},{"taxonomy":"post_tag","embeddable":true,"href":"http:\/\/www.santaana.gob.ar\/home\/wp-json\/wp\/v2\/tags?post=3164"}],"curies":[{"name":"wp","href":"https:\/\/api.w.org\/{rel}","templated":true}]}}