{"id":3159,"date":"2023-03-14T21:47:43","date_gmt":"2023-03-14T21:47:43","guid":{"rendered":"http:\/\/www.santaana.gob.ar\/home\/?p=3159"},"modified":"2023-03-14T21:47:43","modified_gmt":"2023-03-14T21:47:43","slug":"anses-atendera-en-santa-ana-27","status":"publish","type":"post","link":"http:\/\/www.santaana.gob.ar\/home\/2023\/03\/14\/anses-atendera-en-santa-ana-27\/","title":{"rendered":"ANSES ATENDER\u00c1 EN SANTA ANA"},"content":{"rendered":"<p>Ser\u00e1 el jueves 30 de marzo de 8 a 13 horas, (o bien hasta completar el cupo de 50 atenciones) en las instalaciones del NIDO y se podr\u00e1n realizar diferentes tr\u00e1mites vinculados a la asignaci\u00f3n universal, monotributo, obra social, reclamos y asesoramiento en general, entre otros.<br \/>\n\u2139\ufe0f Los interesados deber\u00e1n concurrir ese mismo d\u00eda ya que la atenci\u00f3n se realizar\u00e1 por orden de llegada.<\/p>\n","protected":false},"excerpt":{"rendered":"<p>Ser\u00e1 el jueves 30 de marzo de 8 a 13 horas, (o bien hasta completar el cupo de 50 atenciones) en las instalaciones del NIDO y se podr\u00e1n realizar diferentes tr\u00e1mites vinculados a la asignaci\u00f3n universal, monotributo, obra social, reclamos y asesoramiento en general, entre otros. \u2139\ufe0f Los interesados deber\u00e1n concurrir ese mismo d\u00eda ya<a class=\"moretag\" href=\"http:\/\/www.santaana.gob.ar\/home\/2023\/03\/14\/anses-atendera-en-santa-ana-27\/\"><span class=\"screen-reader-text\">Leer m\u00e1s sobre ANSES ATENDER\u00c1 EN SANTA ANA<\/span>[&#8230;]<\/a><\/p>\n","protected":false},"author":1,"featured_media":2927,"comment_status":"open","ping_status":"open","sticky":false,"template":"","format":"standard","meta":{"footnotes":""},"categories":[1],"tags":[],"class_list":["post-3159","post","type-post","status-publish","format-standard","has-post-thumbnail","hentry","category-noticias"],"_links":{"self":[{"href":"http:\/\/www.santaana.gob.ar\/home\/wp-json\/wp\/v2\/posts\/3159","targetHints":{"allow":["GET"]}}],"collection":[{"href":"http:\/\/www.santaana.gob.ar\/home\/wp-json\/wp\/v2\/posts"}],"about":[{"href":"http:\/\/www.santaana.gob.ar\/home\/wp-json\/wp\/v2\/types\/post"}],"author":[{"embeddable":true,"href":"http:\/\/www.santaana.gob.ar\/home\/wp-json\/wp\/v2\/users\/1"}],"replies":[{"embeddable":true,"href":"http:\/\/www.santaana.gob.ar\/home\/wp-json\/wp\/v2\/comments?post=3159"}],"version-history":[{"count":1,"href":"http:\/\/www.santaana.gob.ar\/home\/wp-json\/wp\/v2\/posts\/3159\/revisions"}],"predecessor-version":[{"id":3160,"href":"http:\/\/www.santaana.gob.ar\/home\/wp-json\/wp\/v2\/posts\/3159\/revisions\/3160"}],"wp:featuredmedia":[{"embeddable":true,"href":"http:\/\/www.santaana.gob.ar\/home\/wp-json\/wp\/v2\/media\/2927"}],"wp:attachment":[{"href":"http:\/\/www.santaana.gob.ar\/home\/wp-json\/wp\/v2\/media?parent=3159"}],"wp:term":[{"taxonomy":"category","embeddable":true,"href":"http:\/\/www.santaana.gob.ar\/home\/wp-json\/wp\/v2\/categories?post=3159"},{"taxonomy":"post_tag","embeddable":true,"href":"http:\/\/www.santaana.gob.ar\/home\/wp-json\/wp\/v2\/tags?post=3159"}],"curies":[{"name":"wp","href":"https:\/\/api.w.org\/{rel}","templated":true}]}}