{"id":315,"date":"2017-10-17T11:00:03","date_gmt":"2017-10-17T11:00:03","guid":{"rendered":"http:\/\/www.santaana.gob.ar\/home\/?p=315"},"modified":"2017-10-17T11:00:03","modified_gmt":"2017-10-17T11:00:03","slug":"licitacion-publica-para-adquisicion-de-materiales-de-construccion","status":"publish","type":"post","link":"http:\/\/www.santaana.gob.ar\/home\/2017\/10\/17\/licitacion-publica-para-adquisicion-de-materiales-de-construccion\/","title":{"rendered":"Licitaci\u00f3n P\u00fablica para adquisici\u00f3n de materiales de construcci\u00f3n"},"content":{"rendered":"<p>Visto el convenio suscripto entre nuestra Municipalidad y la secretar\u00eda de Vivienda y H\u00e1bitat del Ministerios del Interior, Obras p\u00fablicas y Vivienda en fecha 05\/12\/2016, la Municipalidad de Santa Ana, dispone el LICITACION P\u00daBLICA N\u00ba 12\/2017 con el objeto de adjudicar la provisi\u00f3n de materiales de construcci\u00f3n de acuerdo al detalle descripto en planilla anexa al presente.<br \/>\nEl d\u00eda Martes 24 de Octubre de 2017 a las 11:00 hs. la fecha para la apertura de los sobres correspondientes a la licitaci\u00f3n dispuesta por la presente.<\/p>\n<p>A continuaci\u00f3n adjuntamos pliegos para su descarga<\/p>\n<p><a href=\"http:\/\/www.santaana.gob.ar\/home\/wp-content\/uploads\/2017\/10\/tapa_75-2017.pdf\" target=\"_blank\" rel=\"noopener noreferrer\">Tapa<\/a><\/p>\n<p><a href=\"http:\/\/www.santaana.gob.ar\/home\/wp-content\/uploads\/2017\/10\/Decreto_75-2017.pdf\" target=\"_blank\">Decreto<\/a><\/p>\n<p><a href=\"http:\/\/www.santaana.gob.ar\/home\/wp-content\/uploads\/2017\/10\/Pliego_Particulares_75-2017.pdf\" target=\"_blank\">Pliego Particulares<\/a><\/p>\n<p><a href=\"http:\/\/www.santaana.gob.ar\/home\/wp-content\/uploads\/2017\/10\/Pliego_Generales_75-2017.pdf\" target=\"_blank\">Pliego Generales<\/a><\/p>\n<p><a href=\"http:\/\/www.santaana.gob.ar\/home\/wp-content\/uploads\/2017\/10\/Planilla_Materiales_75-2017.pdf\" target=\"_blank\">Planilla Materiales<\/a><\/p>\n<p>&nbsp;<\/p>\n","protected":false},"excerpt":{"rendered":"<p>Visto el convenio suscripto entre nuestra Municipalidad y la secretar\u00eda de Vivienda y H\u00e1bitat del Ministerios del Interior, Obras p\u00fablicas y Vivienda en fecha 05\/12\/2016, la Municipalidad de Santa Ana, dispone el LICITACION P\u00daBLICA N\u00ba 12\/2017 con el objeto de adjudicar la provisi\u00f3n de materiales de construcci\u00f3n de acuerdo al detalle descripto en planilla anexa<a class=\"moretag\" href=\"http:\/\/www.santaana.gob.ar\/home\/2017\/10\/17\/licitacion-publica-para-adquisicion-de-materiales-de-construccion\/\"><span class=\"screen-reader-text\">Leer m\u00e1s sobre Licitaci\u00f3n P\u00fablica para adquisici\u00f3n de materiales de construcci\u00f3n<\/span>[&#8230;]<\/a><\/p>\n","protected":false},"author":1,"featured_media":316,"comment_status":"open","ping_status":"open","sticky":false,"template":"","format":"standard","meta":{"footnotes":""},"categories":[1],"tags":[],"class_list":["post-315","post","type-post","status-publish","format-standard","has-post-thumbnail","hentry","category-noticias"],"_links":{"self":[{"href":"http:\/\/www.santaana.gob.ar\/home\/wp-json\/wp\/v2\/posts\/315","targetHints":{"allow":["GET"]}}],"collection":[{"href":"http:\/\/www.santaana.gob.ar\/home\/wp-json\/wp\/v2\/posts"}],"about":[{"href":"http:\/\/www.santaana.gob.ar\/home\/wp-json\/wp\/v2\/types\/post"}],"author":[{"embeddable":true,"href":"http:\/\/www.santaana.gob.ar\/home\/wp-json\/wp\/v2\/users\/1"}],"replies":[{"embeddable":true,"href":"http:\/\/www.santaana.gob.ar\/home\/wp-json\/wp\/v2\/comments?post=315"}],"version-history":[{"count":1,"href":"http:\/\/www.santaana.gob.ar\/home\/wp-json\/wp\/v2\/posts\/315\/revisions"}],"predecessor-version":[{"id":323,"href":"http:\/\/www.santaana.gob.ar\/home\/wp-json\/wp\/v2\/posts\/315\/revisions\/323"}],"wp:featuredmedia":[{"embeddable":true,"href":"http:\/\/www.santaana.gob.ar\/home\/wp-json\/wp\/v2\/media\/316"}],"wp:attachment":[{"href":"http:\/\/www.santaana.gob.ar\/home\/wp-json\/wp\/v2\/media?parent=315"}],"wp:term":[{"taxonomy":"category","embeddable":true,"href":"http:\/\/www.santaana.gob.ar\/home\/wp-json\/wp\/v2\/categories?post=315"},{"taxonomy":"post_tag","embeddable":true,"href":"http:\/\/www.santaana.gob.ar\/home\/wp-json\/wp\/v2\/tags?post=315"}],"curies":[{"name":"wp","href":"https:\/\/api.w.org\/{rel}","templated":true}]}}