{"id":2960,"date":"2022-12-05T11:22:12","date_gmt":"2022-12-05T11:22:12","guid":{"rendered":"http:\/\/www.santaana.gob.ar\/home\/?p=2960"},"modified":"2022-12-05T11:22:12","modified_gmt":"2022-12-05T11:22:12","slug":"charla-sobre-el-nuevo-regimen-de-proteccion-asistencia-y-prevencion-de-la-violencia-de-genero","status":"publish","type":"post","link":"http:\/\/www.santaana.gob.ar\/home\/2022\/12\/05\/charla-sobre-el-nuevo-regimen-de-proteccion-asistencia-y-prevencion-de-la-violencia-de-genero\/","title":{"rendered":"CHARLA SOBRE EL NUEVO R\u00c9GIMEN DE PROTECCI\u00d3N, ASISTENCIA Y PREVENCI\u00d3N DE LA VIOLENCIA DE G\u00c9NERO"},"content":{"rendered":"<p>La misma se llev\u00f3 a cabo este jueves 01 de diciembre, en nuestra ciudad, y estuvo destinada al Poder Judicial, abogados y funcionarios.<br \/>\n\u25aa\ufe0f La disertaci\u00f3n, que cont\u00f3 con un muy buen marco de asistentes fue propiciada por Julia Isla y la Municipalidad de Santa Ana, y estuvo a cargo de la Titular del Observatorio de G\u00e9neros y Derechos Humanos de Entre R\u00edos Abogada Sigrid Kunath.<br \/>\n\ud83d\ude4c Gracias a todos los que participaron de esta actividad.<\/p>\n","protected":false},"excerpt":{"rendered":"<p>La misma se llev\u00f3 a cabo este jueves 01 de diciembre, en nuestra ciudad, y estuvo destinada al Poder Judicial, abogados y funcionarios. \u25aa\ufe0f La disertaci\u00f3n, que cont\u00f3 con un muy buen marco de asistentes fue propiciada por Julia Isla y la Municipalidad de Santa Ana, y estuvo a cargo de la Titular del Observatorio<a class=\"moretag\" href=\"http:\/\/www.santaana.gob.ar\/home\/2022\/12\/05\/charla-sobre-el-nuevo-regimen-de-proteccion-asistencia-y-prevencion-de-la-violencia-de-genero\/\"><span class=\"screen-reader-text\">Leer m\u00e1s sobre CHARLA SOBRE EL NUEVO R\u00c9GIMEN DE PROTECCI\u00d3N, ASISTENCIA Y PREVENCI\u00d3N DE LA VIOLENCIA DE G\u00c9NERO<\/span>[&#8230;]<\/a><\/p>\n","protected":false},"author":1,"featured_media":2961,"comment_status":"open","ping_status":"open","sticky":false,"template":"","format":"standard","meta":{"footnotes":""},"categories":[1],"tags":[],"class_list":["post-2960","post","type-post","status-publish","format-standard","has-post-thumbnail","hentry","category-noticias"],"_links":{"self":[{"href":"http:\/\/www.santaana.gob.ar\/home\/wp-json\/wp\/v2\/posts\/2960","targetHints":{"allow":["GET"]}}],"collection":[{"href":"http:\/\/www.santaana.gob.ar\/home\/wp-json\/wp\/v2\/posts"}],"about":[{"href":"http:\/\/www.santaana.gob.ar\/home\/wp-json\/wp\/v2\/types\/post"}],"author":[{"embeddable":true,"href":"http:\/\/www.santaana.gob.ar\/home\/wp-json\/wp\/v2\/users\/1"}],"replies":[{"embeddable":true,"href":"http:\/\/www.santaana.gob.ar\/home\/wp-json\/wp\/v2\/comments?post=2960"}],"version-history":[{"count":1,"href":"http:\/\/www.santaana.gob.ar\/home\/wp-json\/wp\/v2\/posts\/2960\/revisions"}],"predecessor-version":[{"id":2962,"href":"http:\/\/www.santaana.gob.ar\/home\/wp-json\/wp\/v2\/posts\/2960\/revisions\/2962"}],"wp:featuredmedia":[{"embeddable":true,"href":"http:\/\/www.santaana.gob.ar\/home\/wp-json\/wp\/v2\/media\/2961"}],"wp:attachment":[{"href":"http:\/\/www.santaana.gob.ar\/home\/wp-json\/wp\/v2\/media?parent=2960"}],"wp:term":[{"taxonomy":"category","embeddable":true,"href":"http:\/\/www.santaana.gob.ar\/home\/wp-json\/wp\/v2\/categories?post=2960"},{"taxonomy":"post_tag","embeddable":true,"href":"http:\/\/www.santaana.gob.ar\/home\/wp-json\/wp\/v2\/tags?post=2960"}],"curies":[{"name":"wp","href":"https:\/\/api.w.org\/{rel}","templated":true}]}}