{"id":2954,"date":"2022-11-30T21:40:20","date_gmt":"2022-11-30T21:40:20","guid":{"rendered":"http:\/\/www.santaana.gob.ar\/home\/?p=2954"},"modified":"2022-11-30T21:40:20","modified_gmt":"2022-11-30T21:40:20","slug":"cada-residuo-en-su-bolsa","status":"publish","type":"post","link":"http:\/\/www.santaana.gob.ar\/home\/2022\/11\/30\/cada-residuo-en-su-bolsa\/","title":{"rendered":"CADA RESIDUO EN SU BOLSA"},"content":{"rendered":"<p>La Municipalidad de Santa Ana recuerda a los vecinos que los d\u00edas de recolecci\u00f3n de residuos son los lunes, mi\u00e9rcoles y viernes por la ma\u00f1ana a partir de las 6 horas.<br \/>\n\u267b\ufe0f Solicitamos sacar las bolsas de residuos los d\u00edas de recolecci\u00f3n bajo la nueva modalidad de separaci\u00f3n: org\u00e1nico, inorg\u00e1nico y sanitario.<br \/>\n\ud83d\ude4c Entre todos podemos colaborar a mantener limpia y ordenada nuestra ciudad.<\/p>\n","protected":false},"excerpt":{"rendered":"<p>La Municipalidad de Santa Ana recuerda a los vecinos que los d\u00edas de recolecci\u00f3n de residuos son los lunes, mi\u00e9rcoles y viernes por la ma\u00f1ana a partir de las 6 horas. \u267b\ufe0f Solicitamos sacar las bolsas de residuos los d\u00edas de recolecci\u00f3n bajo la nueva modalidad de separaci\u00f3n: org\u00e1nico, inorg\u00e1nico y sanitario. \ud83d\ude4c Entre todos<a class=\"moretag\" href=\"http:\/\/www.santaana.gob.ar\/home\/2022\/11\/30\/cada-residuo-en-su-bolsa\/\"><span class=\"screen-reader-text\">Leer m\u00e1s sobre CADA RESIDUO EN SU BOLSA<\/span>[&#8230;]<\/a><\/p>\n","protected":false},"author":1,"featured_media":2955,"comment_status":"open","ping_status":"open","sticky":false,"template":"","format":"standard","meta":{"footnotes":""},"categories":[1],"tags":[],"class_list":["post-2954","post","type-post","status-publish","format-standard","has-post-thumbnail","hentry","category-noticias"],"_links":{"self":[{"href":"http:\/\/www.santaana.gob.ar\/home\/wp-json\/wp\/v2\/posts\/2954","targetHints":{"allow":["GET"]}}],"collection":[{"href":"http:\/\/www.santaana.gob.ar\/home\/wp-json\/wp\/v2\/posts"}],"about":[{"href":"http:\/\/www.santaana.gob.ar\/home\/wp-json\/wp\/v2\/types\/post"}],"author":[{"embeddable":true,"href":"http:\/\/www.santaana.gob.ar\/home\/wp-json\/wp\/v2\/users\/1"}],"replies":[{"embeddable":true,"href":"http:\/\/www.santaana.gob.ar\/home\/wp-json\/wp\/v2\/comments?post=2954"}],"version-history":[{"count":1,"href":"http:\/\/www.santaana.gob.ar\/home\/wp-json\/wp\/v2\/posts\/2954\/revisions"}],"predecessor-version":[{"id":2956,"href":"http:\/\/www.santaana.gob.ar\/home\/wp-json\/wp\/v2\/posts\/2954\/revisions\/2956"}],"wp:featuredmedia":[{"embeddable":true,"href":"http:\/\/www.santaana.gob.ar\/home\/wp-json\/wp\/v2\/media\/2955"}],"wp:attachment":[{"href":"http:\/\/www.santaana.gob.ar\/home\/wp-json\/wp\/v2\/media?parent=2954"}],"wp:term":[{"taxonomy":"category","embeddable":true,"href":"http:\/\/www.santaana.gob.ar\/home\/wp-json\/wp\/v2\/categories?post=2954"},{"taxonomy":"post_tag","embeddable":true,"href":"http:\/\/www.santaana.gob.ar\/home\/wp-json\/wp\/v2\/tags?post=2954"}],"curies":[{"name":"wp","href":"https:\/\/api.w.org\/{rel}","templated":true}]}}