{"id":2950,"date":"2022-11-30T13:06:51","date_gmt":"2022-11-30T13:06:51","guid":{"rendered":"http:\/\/www.santaana.gob.ar\/home\/?p=2950"},"modified":"2022-11-30T13:06:51","modified_gmt":"2022-11-30T13:06:51","slug":"llamado-licitacion-publica-no7","status":"publish","type":"post","link":"http:\/\/www.santaana.gob.ar\/home\/2022\/11\/30\/llamado-licitacion-publica-no7\/","title":{"rendered":"LLAMADO LICITACI\u00d3N P\u00daBLICA N\u00ba7"},"content":{"rendered":"<p>La Municipalidad de Santa Ana, provincia de Entre R\u00edos, dispone el llamado a Licitaci\u00f3n P\u00fablica N\u00ba 7 que tiene por objeto adjudicar la climatizaci\u00f3n del nuevo EDIFICIO MUNICIPAL  .<br \/>\nLa apertura est\u00e1 prevista para el d\u00eda viernes 06 de diciembre de 2022 hora 10:00.<br \/>\nA continuaci\u00f3n se pueden descargar todos los documentos del acto licitatorio.<br \/>\n<b>DESCARGAR PLIEGOS<\/b><br \/>\n<a href=\"http:\/\/www.santaana.gob.ar\/Licitaciones\/LicPub072022\/Decreto.pdf\">Decreto<\/a><br \/>\n<a href=\"http:\/\/www.santaana.gob.ar\/Licitaciones\/LicPub072022\/PGeneral.pdf\">Pliego Condiciones Generales<\/a><br \/>\n<a href=\"http:\/\/www.santaana.gob.ar\/Licitaciones\/LicPub072022\/PParticular.pdf\">Pliego Condiciones Particulares<\/a><\/p>\n","protected":false},"excerpt":{"rendered":"<p>La Municipalidad de Santa Ana, provincia de Entre R\u00edos, dispone el llamado a Licitaci\u00f3n P\u00fablica N\u00ba 7 que tiene por objeto adjudicar la climatizaci\u00f3n del nuevo EDIFICIO MUNICIPAL . La apertura est\u00e1 prevista para el d\u00eda viernes 06 de diciembre de 2022 hora 10:00. A continuaci\u00f3n se pueden descargar todos los documentos del acto licitatorio.<a class=\"moretag\" href=\"http:\/\/www.santaana.gob.ar\/home\/2022\/11\/30\/llamado-licitacion-publica-no7\/\"><span class=\"screen-reader-text\">Leer m\u00e1s sobre LLAMADO LICITACI\u00d3N P\u00daBLICA N\u00ba7<\/span>[&#8230;]<\/a><\/p>\n","protected":false},"author":1,"featured_media":2316,"comment_status":"open","ping_status":"open","sticky":false,"template":"","format":"standard","meta":{"footnotes":""},"categories":[1],"tags":[],"class_list":["post-2950","post","type-post","status-publish","format-standard","has-post-thumbnail","hentry","category-noticias"],"_links":{"self":[{"href":"http:\/\/www.santaana.gob.ar\/home\/wp-json\/wp\/v2\/posts\/2950","targetHints":{"allow":["GET"]}}],"collection":[{"href":"http:\/\/www.santaana.gob.ar\/home\/wp-json\/wp\/v2\/posts"}],"about":[{"href":"http:\/\/www.santaana.gob.ar\/home\/wp-json\/wp\/v2\/types\/post"}],"author":[{"embeddable":true,"href":"http:\/\/www.santaana.gob.ar\/home\/wp-json\/wp\/v2\/users\/1"}],"replies":[{"embeddable":true,"href":"http:\/\/www.santaana.gob.ar\/home\/wp-json\/wp\/v2\/comments?post=2950"}],"version-history":[{"count":1,"href":"http:\/\/www.santaana.gob.ar\/home\/wp-json\/wp\/v2\/posts\/2950\/revisions"}],"predecessor-version":[{"id":2952,"href":"http:\/\/www.santaana.gob.ar\/home\/wp-json\/wp\/v2\/posts\/2950\/revisions\/2952"}],"wp:featuredmedia":[{"embeddable":true,"href":"http:\/\/www.santaana.gob.ar\/home\/wp-json\/wp\/v2\/media\/2316"}],"wp:attachment":[{"href":"http:\/\/www.santaana.gob.ar\/home\/wp-json\/wp\/v2\/media?parent=2950"}],"wp:term":[{"taxonomy":"category","embeddable":true,"href":"http:\/\/www.santaana.gob.ar\/home\/wp-json\/wp\/v2\/categories?post=2950"},{"taxonomy":"post_tag","embeddable":true,"href":"http:\/\/www.santaana.gob.ar\/home\/wp-json\/wp\/v2\/tags?post=2950"}],"curies":[{"name":"wp","href":"https:\/\/api.w.org\/{rel}","templated":true}]}}