{"id":2947,"date":"2022-11-29T14:50:03","date_gmt":"2022-11-29T14:50:03","guid":{"rendered":"http:\/\/www.santaana.gob.ar\/home\/?p=2947"},"modified":"2022-11-29T14:50:03","modified_gmt":"2022-11-29T14:50:03","slug":"importante-charla-prevencion-violencia-de-genero","status":"publish","type":"post","link":"http:\/\/www.santaana.gob.ar\/home\/2022\/11\/29\/importante-charla-prevencion-violencia-de-genero\/","title":{"rendered":"IMPORTANTE CHARLA PREVENCI\u00d3N VIOLENCIA DE G\u00c9NERO"},"content":{"rendered":"<p>CHARLA SOBRE EL NUEVO R\u00c9GIMEN DE PROTECCI\u00d3N, ASISTENCIA Y PREVENCI\u00d3N DE LA VIOLENCIA DE G\u00c9NERO.<br \/>\nLa misma, destinada al Poder Judicial, abogados y funcionarios, estar\u00e1 a cargo de la Titular del Observatorio de G\u00e9neros y Derechos Humanos de Entre R\u00edos Abogada Sigrid Kunath.<br \/>\n\ud83d\udcc6 Jueves 1 de diciembre<br \/>\n\ud83d\udd65 10.30 horas<br \/>\n\ud83d\udccd Instalaciones del NIDO<\/p>\n","protected":false},"excerpt":{"rendered":"<p>CHARLA SOBRE EL NUEVO R\u00c9GIMEN DE PROTECCI\u00d3N, ASISTENCIA Y PREVENCI\u00d3N DE LA VIOLENCIA DE G\u00c9NERO. La misma, destinada al Poder Judicial, abogados y funcionarios, estar\u00e1 a cargo de la Titular del Observatorio de G\u00e9neros y Derechos Humanos de Entre R\u00edos Abogada Sigrid Kunath. \ud83d\udcc6 Jueves 1 de diciembre \ud83d\udd65 10.30 horas \ud83d\udccd Instalaciones del NIDO<\/p>\n","protected":false},"author":1,"featured_media":2948,"comment_status":"open","ping_status":"open","sticky":false,"template":"","format":"standard","meta":{"footnotes":""},"categories":[1],"tags":[],"class_list":["post-2947","post","type-post","status-publish","format-standard","has-post-thumbnail","hentry","category-noticias"],"_links":{"self":[{"href":"http:\/\/www.santaana.gob.ar\/home\/wp-json\/wp\/v2\/posts\/2947","targetHints":{"allow":["GET"]}}],"collection":[{"href":"http:\/\/www.santaana.gob.ar\/home\/wp-json\/wp\/v2\/posts"}],"about":[{"href":"http:\/\/www.santaana.gob.ar\/home\/wp-json\/wp\/v2\/types\/post"}],"author":[{"embeddable":true,"href":"http:\/\/www.santaana.gob.ar\/home\/wp-json\/wp\/v2\/users\/1"}],"replies":[{"embeddable":true,"href":"http:\/\/www.santaana.gob.ar\/home\/wp-json\/wp\/v2\/comments?post=2947"}],"version-history":[{"count":1,"href":"http:\/\/www.santaana.gob.ar\/home\/wp-json\/wp\/v2\/posts\/2947\/revisions"}],"predecessor-version":[{"id":2949,"href":"http:\/\/www.santaana.gob.ar\/home\/wp-json\/wp\/v2\/posts\/2947\/revisions\/2949"}],"wp:featuredmedia":[{"embeddable":true,"href":"http:\/\/www.santaana.gob.ar\/home\/wp-json\/wp\/v2\/media\/2948"}],"wp:attachment":[{"href":"http:\/\/www.santaana.gob.ar\/home\/wp-json\/wp\/v2\/media?parent=2947"}],"wp:term":[{"taxonomy":"category","embeddable":true,"href":"http:\/\/www.santaana.gob.ar\/home\/wp-json\/wp\/v2\/categories?post=2947"},{"taxonomy":"post_tag","embeddable":true,"href":"http:\/\/www.santaana.gob.ar\/home\/wp-json\/wp\/v2\/tags?post=2947"}],"curies":[{"name":"wp","href":"https:\/\/api.w.org\/{rel}","templated":true}]}}