{"id":2944,"date":"2022-11-28T11:56:27","date_gmt":"2022-11-28T11:56:27","guid":{"rendered":"http:\/\/www.santaana.gob.ar\/home\/?p=2944"},"modified":"2022-11-28T11:56:27","modified_gmt":"2022-11-28T11:56:27","slug":"cierre-de-la-colonia-recreativa-pami-y-municipalidad","status":"publish","type":"post","link":"http:\/\/www.santaana.gob.ar\/home\/2022\/11\/28\/cierre-de-la-colonia-recreativa-pami-y-municipalidad\/","title":{"rendered":"CIERRE DE LA COLONIA RECREATIVA PAMI Y MUNICIPALIDAD"},"content":{"rendered":"<p>El viernes \u00faltimo en el sal\u00f3n de eventos del Camping Municipal, se llev\u00f3 a cabo una gran cena por el cierre de actividades 2022 de la colonia recreativa de PAMI realizada en conjunto con la Municipalidad de Santa Ana.<br \/>\n\ud83d\ude4c Fueron tres meses de actividades donde el objetivo fue lograr la integridad psico-fisica de los participantes promoviendo su autorrealizacion, independencia, autonom\u00eda e inclusi\u00f3n en la comunidad.<br \/>\n\ud83d\udc4f Agradecemos a los profesores, acompa\u00f1antes terap\u00e9uticos, nutricionista, motivadores y a todos los que se sumaron a esta propuesta.<\/p>\n","protected":false},"excerpt":{"rendered":"<p>El viernes \u00faltimo en el sal\u00f3n de eventos del Camping Municipal, se llev\u00f3 a cabo una gran cena por el cierre de actividades 2022 de la colonia recreativa de PAMI realizada en conjunto con la Municipalidad de Santa Ana. \ud83d\ude4c Fueron tres meses de actividades donde el objetivo fue lograr la integridad psico-fisica de los<a class=\"moretag\" href=\"http:\/\/www.santaana.gob.ar\/home\/2022\/11\/28\/cierre-de-la-colonia-recreativa-pami-y-municipalidad\/\"><span class=\"screen-reader-text\">Leer m\u00e1s sobre CIERRE DE LA COLONIA RECREATIVA PAMI Y MUNICIPALIDAD<\/span>[&#8230;]<\/a><\/p>\n","protected":false},"author":1,"featured_media":2945,"comment_status":"open","ping_status":"open","sticky":false,"template":"","format":"standard","meta":{"footnotes":""},"categories":[1],"tags":[],"class_list":["post-2944","post","type-post","status-publish","format-standard","has-post-thumbnail","hentry","category-noticias"],"_links":{"self":[{"href":"http:\/\/www.santaana.gob.ar\/home\/wp-json\/wp\/v2\/posts\/2944","targetHints":{"allow":["GET"]}}],"collection":[{"href":"http:\/\/www.santaana.gob.ar\/home\/wp-json\/wp\/v2\/posts"}],"about":[{"href":"http:\/\/www.santaana.gob.ar\/home\/wp-json\/wp\/v2\/types\/post"}],"author":[{"embeddable":true,"href":"http:\/\/www.santaana.gob.ar\/home\/wp-json\/wp\/v2\/users\/1"}],"replies":[{"embeddable":true,"href":"http:\/\/www.santaana.gob.ar\/home\/wp-json\/wp\/v2\/comments?post=2944"}],"version-history":[{"count":1,"href":"http:\/\/www.santaana.gob.ar\/home\/wp-json\/wp\/v2\/posts\/2944\/revisions"}],"predecessor-version":[{"id":2946,"href":"http:\/\/www.santaana.gob.ar\/home\/wp-json\/wp\/v2\/posts\/2944\/revisions\/2946"}],"wp:featuredmedia":[{"embeddable":true,"href":"http:\/\/www.santaana.gob.ar\/home\/wp-json\/wp\/v2\/media\/2945"}],"wp:attachment":[{"href":"http:\/\/www.santaana.gob.ar\/home\/wp-json\/wp\/v2\/media?parent=2944"}],"wp:term":[{"taxonomy":"category","embeddable":true,"href":"http:\/\/www.santaana.gob.ar\/home\/wp-json\/wp\/v2\/categories?post=2944"},{"taxonomy":"post_tag","embeddable":true,"href":"http:\/\/www.santaana.gob.ar\/home\/wp-json\/wp\/v2\/tags?post=2944"}],"curies":[{"name":"wp","href":"https:\/\/api.w.org\/{rel}","templated":true}]}}