{"id":2938,"date":"2022-11-25T11:41:28","date_gmt":"2022-11-25T11:41:28","guid":{"rendered":"http:\/\/www.santaana.gob.ar\/home\/?p=2938"},"modified":"2022-11-25T11:41:28","modified_gmt":"2022-11-25T11:41:28","slug":"campana-de-concientizacion-sobre-residuos","status":"publish","type":"post","link":"http:\/\/www.santaana.gob.ar\/home\/2022\/11\/25\/campana-de-concientizacion-sobre-residuos\/","title":{"rendered":"CAMPA\u00d1A DE CONCIENTIZACI\u00d3N SOBRE RESIDUOS"},"content":{"rendered":"<p>CONTINUAMOS CON LA CAMPA\u00d1A DE CONCIENTIZACI\u00d3N SOBRE RESIDUOS \u267b\ufe0f<br \/>\n\u25aa En este caso la charla se llev\u00f3 a cabo en la Escuela Secundaria N\u00b01 \u00abSanta Ana\u00bb para todos los estudiantes y docentes.<br \/>\n\u25aa El objetivo es brindar informaci\u00f3n sobre la nueva modalidad de disposici\u00f3n y recolecci\u00f3n de residuos s\u00f3lidos urbanos ya que en breve comenzar\u00e1 a funcionar la Planta de Tratamiento para los mismos.<\/p>\n","protected":false},"excerpt":{"rendered":"<p>CONTINUAMOS CON LA CAMPA\u00d1A DE CONCIENTIZACI\u00d3N SOBRE RESIDUOS \u267b\ufe0f \u25aa En este caso la charla se llev\u00f3 a cabo en la Escuela Secundaria N\u00b01 \u00abSanta Ana\u00bb para todos los estudiantes y docentes. \u25aa El objetivo es brindar informaci\u00f3n sobre la nueva modalidad de disposici\u00f3n y recolecci\u00f3n de residuos s\u00f3lidos urbanos ya que en breve comenzar\u00e1<a class=\"moretag\" href=\"http:\/\/www.santaana.gob.ar\/home\/2022\/11\/25\/campana-de-concientizacion-sobre-residuos\/\"><span class=\"screen-reader-text\">Leer m\u00e1s sobre CAMPA\u00d1A DE CONCIENTIZACI\u00d3N SOBRE RESIDUOS<\/span>[&#8230;]<\/a><\/p>\n","protected":false},"author":1,"featured_media":2939,"comment_status":"open","ping_status":"open","sticky":false,"template":"","format":"standard","meta":{"footnotes":""},"categories":[1],"tags":[],"class_list":["post-2938","post","type-post","status-publish","format-standard","has-post-thumbnail","hentry","category-noticias"],"_links":{"self":[{"href":"http:\/\/www.santaana.gob.ar\/home\/wp-json\/wp\/v2\/posts\/2938","targetHints":{"allow":["GET"]}}],"collection":[{"href":"http:\/\/www.santaana.gob.ar\/home\/wp-json\/wp\/v2\/posts"}],"about":[{"href":"http:\/\/www.santaana.gob.ar\/home\/wp-json\/wp\/v2\/types\/post"}],"author":[{"embeddable":true,"href":"http:\/\/www.santaana.gob.ar\/home\/wp-json\/wp\/v2\/users\/1"}],"replies":[{"embeddable":true,"href":"http:\/\/www.santaana.gob.ar\/home\/wp-json\/wp\/v2\/comments?post=2938"}],"version-history":[{"count":1,"href":"http:\/\/www.santaana.gob.ar\/home\/wp-json\/wp\/v2\/posts\/2938\/revisions"}],"predecessor-version":[{"id":2940,"href":"http:\/\/www.santaana.gob.ar\/home\/wp-json\/wp\/v2\/posts\/2938\/revisions\/2940"}],"wp:featuredmedia":[{"embeddable":true,"href":"http:\/\/www.santaana.gob.ar\/home\/wp-json\/wp\/v2\/media\/2939"}],"wp:attachment":[{"href":"http:\/\/www.santaana.gob.ar\/home\/wp-json\/wp\/v2\/media?parent=2938"}],"wp:term":[{"taxonomy":"category","embeddable":true,"href":"http:\/\/www.santaana.gob.ar\/home\/wp-json\/wp\/v2\/categories?post=2938"},{"taxonomy":"post_tag","embeddable":true,"href":"http:\/\/www.santaana.gob.ar\/home\/wp-json\/wp\/v2\/tags?post=2938"}],"curies":[{"name":"wp","href":"https:\/\/api.w.org\/{rel}","templated":true}]}}