{"id":2934,"date":"2022-11-24T20:53:45","date_gmt":"2022-11-24T20:53:45","guid":{"rendered":"http:\/\/www.santaana.gob.ar\/home\/?p=2934"},"modified":"2022-11-24T20:53:45","modified_gmt":"2022-11-24T20:53:45","slug":"audiencia-publica-exploracion-y-perforacion-recurso-termal","status":"publish","type":"post","link":"http:\/\/www.santaana.gob.ar\/home\/2022\/11\/24\/audiencia-publica-exploracion-y-perforacion-recurso-termal\/","title":{"rendered":"AUDIENCIA P\u00daBLICA EXPLORACI\u00d3N Y PERFORACI\u00d3N RECURSO TERMAL"},"content":{"rendered":"<p>SE REALIZ\u00d3 LA AUDIENCIA P\u00daBLICA PARA LA EXPLORACI\u00d3N Y PERFORACI\u00d3N DEL RECURSO TERMAL EN NUESTRA LOCALIDAD<br \/>\n\u25aa Anoche, con la presencia de un importante n\u00famero de asistentes, vecinos, instituciones intermedias, comerciantes y emprendedores, se llev\u00f3 a cabo en las instalaciones del NIDO la convocatoria a la audiencia p\u00fablica para el Complejo Termal Santa Ana.<br \/>\n\u25aa All\u00ed estuvieron presentes tambi\u00e9n el Presidente del Ente Regulador Termal Ram\u00f3n Barrera, el vocal del ERRTER Miguel Catani, el ge\u00f3logo Daniel M\u00e1rsico, concejales y funcionarios municipales.<br \/>\n\u25aa En el acto se realiz\u00f3 oficialmente la presentaci\u00f3n del proyecto de perforaci\u00f3n termal, se analizaron los distintos impactos de la obra y se respondieron todas las consultas realizadas por los asistentes.<br \/>\n\ud83d\ude4c Sabemos que este mega proyecto tendr\u00e1 un impacto positivo no s\u00f3lo en el aspecto econ\u00f3mico sino social para nuestra localidad.<\/p>\n","protected":false},"excerpt":{"rendered":"<p>SE REALIZ\u00d3 LA AUDIENCIA P\u00daBLICA PARA LA EXPLORACI\u00d3N Y PERFORACI\u00d3N DEL RECURSO TERMAL EN NUESTRA LOCALIDAD \u25aa Anoche, con la presencia de un importante n\u00famero de asistentes, vecinos, instituciones intermedias, comerciantes y emprendedores, se llev\u00f3 a cabo en las instalaciones del NIDO la convocatoria a la audiencia p\u00fablica para el Complejo Termal Santa Ana. \u25aa<a class=\"moretag\" href=\"http:\/\/www.santaana.gob.ar\/home\/2022\/11\/24\/audiencia-publica-exploracion-y-perforacion-recurso-termal\/\"><span class=\"screen-reader-text\">Leer m\u00e1s sobre AUDIENCIA P\u00daBLICA EXPLORACI\u00d3N Y PERFORACI\u00d3N RECURSO TERMAL<\/span>[&#8230;]<\/a><\/p>\n","protected":false},"author":1,"featured_media":2935,"comment_status":"open","ping_status":"open","sticky":false,"template":"","format":"standard","meta":{"footnotes":""},"categories":[1],"tags":[],"class_list":["post-2934","post","type-post","status-publish","format-standard","has-post-thumbnail","hentry","category-noticias"],"_links":{"self":[{"href":"http:\/\/www.santaana.gob.ar\/home\/wp-json\/wp\/v2\/posts\/2934","targetHints":{"allow":["GET"]}}],"collection":[{"href":"http:\/\/www.santaana.gob.ar\/home\/wp-json\/wp\/v2\/posts"}],"about":[{"href":"http:\/\/www.santaana.gob.ar\/home\/wp-json\/wp\/v2\/types\/post"}],"author":[{"embeddable":true,"href":"http:\/\/www.santaana.gob.ar\/home\/wp-json\/wp\/v2\/users\/1"}],"replies":[{"embeddable":true,"href":"http:\/\/www.santaana.gob.ar\/home\/wp-json\/wp\/v2\/comments?post=2934"}],"version-history":[{"count":1,"href":"http:\/\/www.santaana.gob.ar\/home\/wp-json\/wp\/v2\/posts\/2934\/revisions"}],"predecessor-version":[{"id":2936,"href":"http:\/\/www.santaana.gob.ar\/home\/wp-json\/wp\/v2\/posts\/2934\/revisions\/2936"}],"wp:featuredmedia":[{"embeddable":true,"href":"http:\/\/www.santaana.gob.ar\/home\/wp-json\/wp\/v2\/media\/2935"}],"wp:attachment":[{"href":"http:\/\/www.santaana.gob.ar\/home\/wp-json\/wp\/v2\/media?parent=2934"}],"wp:term":[{"taxonomy":"category","embeddable":true,"href":"http:\/\/www.santaana.gob.ar\/home\/wp-json\/wp\/v2\/categories?post=2934"},{"taxonomy":"post_tag","embeddable":true,"href":"http:\/\/www.santaana.gob.ar\/home\/wp-json\/wp\/v2\/tags?post=2934"}],"curies":[{"name":"wp","href":"https:\/\/api.w.org\/{rel}","templated":true}]}}