{"id":2931,"date":"2022-11-24T13:24:42","date_gmt":"2022-11-24T13:24:42","guid":{"rendered":"http:\/\/www.santaana.gob.ar\/home\/?p=2931"},"modified":"2022-11-24T13:24:42","modified_gmt":"2022-11-24T13:24:42","slug":"santa-ana-se-capacita","status":"publish","type":"post","link":"http:\/\/www.santaana.gob.ar\/home\/2022\/11\/24\/santa-ana-se-capacita\/","title":{"rendered":"SANTA ANA SE CAPACITA"},"content":{"rendered":"<p>Ayer se realiz\u00f3 una capacitaci\u00f3n en actualizaci\u00f3n de RCP,  DEA y  Recate acu\u00e1tico.  En las actividades llevadas a cabo participaron guardavidas de nuestra localidad y de la ciudad vecina de Chajar\u00ed.<br \/>\n\u25aa La misma estuvo a cargo de Juan Jos\u00e9 Scevola Instructor Salvamento Acu\u00e1tico, RCP, DEA y Representante Provincial de la Federaci\u00f3n Argentina de Guardavidas.<br \/>\n\ud83d\udcf7 Compartimos algunas im\u00e1genes aqu\u00ed: https:\/\/www.facebook.com\/municipalidaddesantaana<\/p>\n","protected":false},"excerpt":{"rendered":"<p>Ayer se realiz\u00f3 una capacitaci\u00f3n en actualizaci\u00f3n de RCP, DEA y Recate acu\u00e1tico. En las actividades llevadas a cabo participaron guardavidas de nuestra localidad y de la ciudad vecina de Chajar\u00ed. \u25aa La misma estuvo a cargo de Juan Jos\u00e9 Scevola Instructor Salvamento Acu\u00e1tico, RCP, DEA y Representante Provincial de la Federaci\u00f3n Argentina de Guardavidas.<a class=\"moretag\" href=\"http:\/\/www.santaana.gob.ar\/home\/2022\/11\/24\/santa-ana-se-capacita\/\"><span class=\"screen-reader-text\">Leer m\u00e1s sobre SANTA ANA SE CAPACITA<\/span>[&#8230;]<\/a><\/p>\n","protected":false},"author":1,"featured_media":2932,"comment_status":"open","ping_status":"open","sticky":false,"template":"","format":"standard","meta":{"footnotes":""},"categories":[1],"tags":[],"class_list":["post-2931","post","type-post","status-publish","format-standard","has-post-thumbnail","hentry","category-noticias"],"_links":{"self":[{"href":"http:\/\/www.santaana.gob.ar\/home\/wp-json\/wp\/v2\/posts\/2931","targetHints":{"allow":["GET"]}}],"collection":[{"href":"http:\/\/www.santaana.gob.ar\/home\/wp-json\/wp\/v2\/posts"}],"about":[{"href":"http:\/\/www.santaana.gob.ar\/home\/wp-json\/wp\/v2\/types\/post"}],"author":[{"embeddable":true,"href":"http:\/\/www.santaana.gob.ar\/home\/wp-json\/wp\/v2\/users\/1"}],"replies":[{"embeddable":true,"href":"http:\/\/www.santaana.gob.ar\/home\/wp-json\/wp\/v2\/comments?post=2931"}],"version-history":[{"count":1,"href":"http:\/\/www.santaana.gob.ar\/home\/wp-json\/wp\/v2\/posts\/2931\/revisions"}],"predecessor-version":[{"id":2933,"href":"http:\/\/www.santaana.gob.ar\/home\/wp-json\/wp\/v2\/posts\/2931\/revisions\/2933"}],"wp:featuredmedia":[{"embeddable":true,"href":"http:\/\/www.santaana.gob.ar\/home\/wp-json\/wp\/v2\/media\/2932"}],"wp:attachment":[{"href":"http:\/\/www.santaana.gob.ar\/home\/wp-json\/wp\/v2\/media?parent=2931"}],"wp:term":[{"taxonomy":"category","embeddable":true,"href":"http:\/\/www.santaana.gob.ar\/home\/wp-json\/wp\/v2\/categories?post=2931"},{"taxonomy":"post_tag","embeddable":true,"href":"http:\/\/www.santaana.gob.ar\/home\/wp-json\/wp\/v2\/tags?post=2931"}],"curies":[{"name":"wp","href":"https:\/\/api.w.org\/{rel}","templated":true}]}}