{"id":2923,"date":"2022-11-17T21:08:23","date_gmt":"2022-11-17T21:08:23","guid":{"rendered":"http:\/\/www.santaana.gob.ar\/home\/?p=2923"},"modified":"2022-11-17T21:08:23","modified_gmt":"2022-11-17T21:08:23","slug":"llamado-licitacion-publica-no6","status":"publish","type":"post","link":"http:\/\/www.santaana.gob.ar\/home\/2022\/11\/17\/llamado-licitacion-publica-no6\/","title":{"rendered":"LLAMADO LICITACI\u00d3N P\u00daBLICA N\u00ba6"},"content":{"rendered":"<p>La Municipalidad de Santa Ana, provincia de Entre R\u00edos, dispone el llamado a Licitaci\u00f3n P\u00fablica N\u00ba 6 que tiene por objeto la venta de una fracci\u00f3n de terreno bald\u00edo, del dominio privado del municipio, que se identifica en el plano de mensura N\u00ba38.586\/A\u00d1O2013 .<br \/>\nLa apertura est\u00e1 prevista para el d\u00eda viernes 2 de diciembre de 2022 hora 11:00.<br \/>\nA continuaci\u00f3n se pueden descargar todos los documentos del acto licitatorio.<br \/>\n<b>DESCARGAR PLIEGOS<\/b><br \/>\n<a href=\"http:\/\/www.santaana.gob.ar\/Licitaciones\/LicPub062022\/Decreto.pdf\">Decreto<\/a><br \/>\n<a href=\"http:\/\/www.santaana.gob.ar\/Licitaciones\/LicPub062022\/PGeneral.pdf\">Pliego Condiciones Generales<\/a><br \/>\n<a href=\"http:\/\/www.santaana.gob.ar\/Licitaciones\/LicPub062022\/PParticular.pdf\">Pliego Condiciones Particulares<\/a><br \/>\n<a href=\"http:\/\/www.santaana.gob.ar\/Licitaciones\/LicPub062022\/Plano.pdf\">Plano de mensura.pdf<\/a><\/p>\n","protected":false},"excerpt":{"rendered":"<p>La Municipalidad de Santa Ana, provincia de Entre R\u00edos, dispone el llamado a Licitaci\u00f3n P\u00fablica N\u00ba 6 que tiene por objeto la venta de una fracci\u00f3n de terreno bald\u00edo, del dominio privado del municipio, que se identifica en el plano de mensura N\u00ba38.586\/A\u00d1O2013 . La apertura est\u00e1 prevista para el d\u00eda viernes 2 de diciembre<a class=\"moretag\" href=\"http:\/\/www.santaana.gob.ar\/home\/2022\/11\/17\/llamado-licitacion-publica-no6\/\"><span class=\"screen-reader-text\">Leer m\u00e1s sobre LLAMADO LICITACI\u00d3N P\u00daBLICA N\u00ba6<\/span>[&#8230;]<\/a><\/p>\n","protected":false},"author":1,"featured_media":1206,"comment_status":"open","ping_status":"open","sticky":false,"template":"","format":"standard","meta":{"footnotes":""},"categories":[1],"tags":[],"class_list":["post-2923","post","type-post","status-publish","format-standard","has-post-thumbnail","hentry","category-noticias"],"_links":{"self":[{"href":"http:\/\/www.santaana.gob.ar\/home\/wp-json\/wp\/v2\/posts\/2923","targetHints":{"allow":["GET"]}}],"collection":[{"href":"http:\/\/www.santaana.gob.ar\/home\/wp-json\/wp\/v2\/posts"}],"about":[{"href":"http:\/\/www.santaana.gob.ar\/home\/wp-json\/wp\/v2\/types\/post"}],"author":[{"embeddable":true,"href":"http:\/\/www.santaana.gob.ar\/home\/wp-json\/wp\/v2\/users\/1"}],"replies":[{"embeddable":true,"href":"http:\/\/www.santaana.gob.ar\/home\/wp-json\/wp\/v2\/comments?post=2923"}],"version-history":[{"count":2,"href":"http:\/\/www.santaana.gob.ar\/home\/wp-json\/wp\/v2\/posts\/2923\/revisions"}],"predecessor-version":[{"id":2951,"href":"http:\/\/www.santaana.gob.ar\/home\/wp-json\/wp\/v2\/posts\/2923\/revisions\/2951"}],"wp:featuredmedia":[{"embeddable":true,"href":"http:\/\/www.santaana.gob.ar\/home\/wp-json\/wp\/v2\/media\/1206"}],"wp:attachment":[{"href":"http:\/\/www.santaana.gob.ar\/home\/wp-json\/wp\/v2\/media?parent=2923"}],"wp:term":[{"taxonomy":"category","embeddable":true,"href":"http:\/\/www.santaana.gob.ar\/home\/wp-json\/wp\/v2\/categories?post=2923"},{"taxonomy":"post_tag","embeddable":true,"href":"http:\/\/www.santaana.gob.ar\/home\/wp-json\/wp\/v2\/tags?post=2923"}],"curies":[{"name":"wp","href":"https:\/\/api.w.org\/{rel}","templated":true}]}}