{"id":2899,"date":"2022-11-14T14:12:01","date_gmt":"2022-11-14T14:12:01","guid":{"rendered":"http:\/\/www.santaana.gob.ar\/home\/?p=2899"},"modified":"2022-11-14T14:12:01","modified_gmt":"2022-11-14T14:12:01","slug":"convocatoria-de-audiencia-publica","status":"publish","type":"post","link":"http:\/\/www.santaana.gob.ar\/home\/2022\/11\/14\/convocatoria-de-audiencia-publica\/","title":{"rendered":"CONVOCATORIA DE AUDIENCIA P\u00daBLICA"},"content":{"rendered":"<p>CONVOCATORIA DE AUDIENCIA P\u00daBLICA PARA EL COMPLEJO TERMAL EN SANTA ANA \u203c\ufe0f<br \/>\nA trav\u00e9s de la Ordenanza N\u00b016\/2022 la Municipalidad de Santa Ana convoca a esta audiencia p\u00fablica con el objetivo del an\u00e1lisis de la exploraci\u00f3n y perforaci\u00f3n del recurso termal en nuestra localidad, la construcci\u00f3n y funcionamiento del Complejo Termal Santa Ana.<br \/>\nLa misma se llevar\u00e1 a cabo el mi\u00e9rcoles 23 de noviembre en el Sal\u00f3n de Usos M\u00faltiples del NIDO, ubicado en calle 9 de Julio 525 de nuestra ciudad, a las 20 horas.<br \/>\nLa presenta convocatoria est\u00e1 destinada a toda persona f\u00edsica o jur\u00eddica que pueda invocar un derecho subjetivo, inter\u00e9s leg\u00edtimo, simple, difuso o de incidencia colectiva, relacionado con la tem\u00e1tica objeto de la audiencia y al p\u00fablico en general.<br \/>\nPodr\u00e1n asistir en car\u00e1cter de participantes quienes posean domicilio legal en el ejido Municipal de Santa Ana y se inscriban previamente en el registro habilitado a tal efecto.<br \/>\nLa inscripci\u00f3n de participantes y vista del Expediente N\u00b0706.362\/06 y dem\u00e1s documentaci\u00f3n comenz\u00f3 hoy y finalizar\u00e1 el d\u00eda 23 de noviembre a las 13 horas.<br \/>\nPor informes podes dirigirte al Edificio Municipal (Cupertino Ota\u00f1o 576), comunicarse a los tel\u00e9fonos 03456-492111\/492112\/492059\/492000 o bien a intendencia@santaana.gob.ar \/ www.santaana.gob.ar<\/p>\n","protected":false},"excerpt":{"rendered":"<p>CONVOCATORIA DE AUDIENCIA P\u00daBLICA PARA EL COMPLEJO TERMAL EN SANTA ANA \u203c\ufe0f A trav\u00e9s de la Ordenanza N\u00b016\/2022 la Municipalidad de Santa Ana convoca a esta audiencia p\u00fablica con el objetivo del an\u00e1lisis de la exploraci\u00f3n y perforaci\u00f3n del recurso termal en nuestra localidad, la construcci\u00f3n y funcionamiento del Complejo Termal Santa Ana. La misma<a class=\"moretag\" href=\"http:\/\/www.santaana.gob.ar\/home\/2022\/11\/14\/convocatoria-de-audiencia-publica\/\"><span class=\"screen-reader-text\">Leer m\u00e1s sobre CONVOCATORIA DE AUDIENCIA P\u00daBLICA<\/span>[&#8230;]<\/a><\/p>\n","protected":false},"author":1,"featured_media":2006,"comment_status":"open","ping_status":"open","sticky":false,"template":"","format":"standard","meta":{"footnotes":""},"categories":[1],"tags":[],"class_list":["post-2899","post","type-post","status-publish","format-standard","has-post-thumbnail","hentry","category-noticias"],"_links":{"self":[{"href":"http:\/\/www.santaana.gob.ar\/home\/wp-json\/wp\/v2\/posts\/2899","targetHints":{"allow":["GET"]}}],"collection":[{"href":"http:\/\/www.santaana.gob.ar\/home\/wp-json\/wp\/v2\/posts"}],"about":[{"href":"http:\/\/www.santaana.gob.ar\/home\/wp-json\/wp\/v2\/types\/post"}],"author":[{"embeddable":true,"href":"http:\/\/www.santaana.gob.ar\/home\/wp-json\/wp\/v2\/users\/1"}],"replies":[{"embeddable":true,"href":"http:\/\/www.santaana.gob.ar\/home\/wp-json\/wp\/v2\/comments?post=2899"}],"version-history":[{"count":1,"href":"http:\/\/www.santaana.gob.ar\/home\/wp-json\/wp\/v2\/posts\/2899\/revisions"}],"predecessor-version":[{"id":2900,"href":"http:\/\/www.santaana.gob.ar\/home\/wp-json\/wp\/v2\/posts\/2899\/revisions\/2900"}],"wp:featuredmedia":[{"embeddable":true,"href":"http:\/\/www.santaana.gob.ar\/home\/wp-json\/wp\/v2\/media\/2006"}],"wp:attachment":[{"href":"http:\/\/www.santaana.gob.ar\/home\/wp-json\/wp\/v2\/media?parent=2899"}],"wp:term":[{"taxonomy":"category","embeddable":true,"href":"http:\/\/www.santaana.gob.ar\/home\/wp-json\/wp\/v2\/categories?post=2899"},{"taxonomy":"post_tag","embeddable":true,"href":"http:\/\/www.santaana.gob.ar\/home\/wp-json\/wp\/v2\/tags?post=2899"}],"curies":[{"name":"wp","href":"https:\/\/api.w.org\/{rel}","templated":true}]}}