{"id":2896,"date":"2022-11-14T14:10:15","date_gmt":"2022-11-14T14:10:15","guid":{"rendered":"http:\/\/www.santaana.gob.ar\/home\/?p=2896"},"modified":"2022-11-14T14:10:15","modified_gmt":"2022-11-14T14:10:15","slug":"18-fiesta-de-la-tradicion","status":"publish","type":"post","link":"http:\/\/www.santaana.gob.ar\/home\/2022\/11\/14\/18-fiesta-de-la-tradicion\/","title":{"rendered":"18\u00b0 FIESTA DE LA TRADICI\u00d3N"},"content":{"rendered":"<p>Este pasado viernes 11 de noviembre celebramos nuestra tradici\u00f3n en la plaza San Martin. En este evento, organizado por la Municipalidad de Santa Ana y el Jard\u00edn Maternal \u00abMiguitas de Ternura\u00bb, tambi\u00e9n se llev\u00f3 a cabo el cierre de los talleres municipales con entrega de certificados.<br \/>\n\ud83d\ude4c Fue una noche muy agradable, con una gran concurrencia de p\u00fablico, donde la familia de Santa Ana pudo disfrutar de la m\u00fasica, la danza y un excelente servicio de cantina, exposici\u00f3n de artesanos y emprendedores.<br \/>\n\ud83c\udf89 Actuaron los artistas de los talleres municipales y el cierre a todo ritmo estuvo a cargo del grupo musical \u00abPuro Descontrol\u00bb, de la ciudad de Concordia.<\/p>\n","protected":false},"excerpt":{"rendered":"<p>Este pasado viernes 11 de noviembre celebramos nuestra tradici\u00f3n en la plaza San Martin. En este evento, organizado por la Municipalidad de Santa Ana y el Jard\u00edn Maternal \u00abMiguitas de Ternura\u00bb, tambi\u00e9n se llev\u00f3 a cabo el cierre de los talleres municipales con entrega de certificados. \ud83d\ude4c Fue una noche muy agradable, con una gran<a class=\"moretag\" href=\"http:\/\/www.santaana.gob.ar\/home\/2022\/11\/14\/18-fiesta-de-la-tradicion\/\"><span class=\"screen-reader-text\">Leer m\u00e1s sobre 18\u00b0 FIESTA DE LA TRADICI\u00d3N<\/span>[&#8230;]<\/a><\/p>\n","protected":false},"author":1,"featured_media":2897,"comment_status":"open","ping_status":"open","sticky":false,"template":"","format":"standard","meta":{"footnotes":""},"categories":[1],"tags":[],"class_list":["post-2896","post","type-post","status-publish","format-standard","has-post-thumbnail","hentry","category-noticias"],"_links":{"self":[{"href":"http:\/\/www.santaana.gob.ar\/home\/wp-json\/wp\/v2\/posts\/2896","targetHints":{"allow":["GET"]}}],"collection":[{"href":"http:\/\/www.santaana.gob.ar\/home\/wp-json\/wp\/v2\/posts"}],"about":[{"href":"http:\/\/www.santaana.gob.ar\/home\/wp-json\/wp\/v2\/types\/post"}],"author":[{"embeddable":true,"href":"http:\/\/www.santaana.gob.ar\/home\/wp-json\/wp\/v2\/users\/1"}],"replies":[{"embeddable":true,"href":"http:\/\/www.santaana.gob.ar\/home\/wp-json\/wp\/v2\/comments?post=2896"}],"version-history":[{"count":1,"href":"http:\/\/www.santaana.gob.ar\/home\/wp-json\/wp\/v2\/posts\/2896\/revisions"}],"predecessor-version":[{"id":2898,"href":"http:\/\/www.santaana.gob.ar\/home\/wp-json\/wp\/v2\/posts\/2896\/revisions\/2898"}],"wp:featuredmedia":[{"embeddable":true,"href":"http:\/\/www.santaana.gob.ar\/home\/wp-json\/wp\/v2\/media\/2897"}],"wp:attachment":[{"href":"http:\/\/www.santaana.gob.ar\/home\/wp-json\/wp\/v2\/media?parent=2896"}],"wp:term":[{"taxonomy":"category","embeddable":true,"href":"http:\/\/www.santaana.gob.ar\/home\/wp-json\/wp\/v2\/categories?post=2896"},{"taxonomy":"post_tag","embeddable":true,"href":"http:\/\/www.santaana.gob.ar\/home\/wp-json\/wp\/v2\/tags?post=2896"}],"curies":[{"name":"wp","href":"https:\/\/api.w.org\/{rel}","templated":true}]}}