{"id":281,"date":"2017-10-05T12:13:03","date_gmt":"2017-10-05T12:13:03","guid":{"rendered":"http:\/\/www.santaana.gob.ar\/home\/?p=281"},"modified":"2017-10-05T12:30:09","modified_gmt":"2017-10-05T12:30:09","slug":"licitacion-publica-proveeduria-cantina-restaurante-y-heladeria","status":"publish","type":"post","link":"http:\/\/www.santaana.gob.ar\/home\/2017\/10\/05\/licitacion-publica-proveeduria-cantina-restaurante-y-heladeria\/","title":{"rendered":"Licitaci\u00f3n P\u00fablica \u201cProveedur\u00eda, Cantina, Restaurante y Helader\u00eda\u201d"},"content":{"rendered":"<p>La Municipal de SANTA ANA, dispone el llamado a LICITACION PUBLICA que se individualizar\u00e1 con el N\u00ba 08\/2017, con el objeto de adjudicar la concesi\u00f3n de la explotaci\u00f3n de los servicios de \u201cProveedur\u00eda, Cantina, Restaurante y Helader\u00eda\u201d en el Camping Municipal de Santa Ana por los siguientes periodos a) desde 01 de Noviembre de 2017 hasta 28 de Febrero de 2018, y b) desde 01 de Marzo de 2018 hasta el 30 de Septiembre de 2018.<\/p>\n<p>A continuaci\u00f3n adjuntamos pliegos para su descarga<\/p>\n<p><a href=\"http:\/\/www.santaana.gob.ar\/home\/wp-content\/uploads\/2017\/10\/Tapa051017.pdf\" target=\"_blank\" rel=\"noopener noreferrer\">Tapa<\/a><\/p>\n<p><a href=\"http:\/\/www.santaana.gob.ar\/home\/wp-content\/uploads\/2017\/10\/Decreto051017.pdf\" target=\"_blank\" rel=\"noopener noreferrer\">Decreto<\/a><\/p>\n<p><a href=\"http:\/\/www.santaana.gob.ar\/home\/wp-content\/uploads\/2017\/10\/Pliegos_P051017.pdf\" target=\"_blank\">Pliegos Particulares<\/a><\/p>\n<p><a href=\"http:\/\/www.santaana.gob.ar\/home\/wp-content\/uploads\/2017\/10\/Pliegos_G051017.pdf\" target=\"_blank\">Pliegos Generales<\/a><\/p>\n<p><a href=\"http:\/\/www.santaana.gob.ar\/home\/wp-content\/uploads\/2017\/10\/ANEXOI051017.pdf\" target=\"_blank\">ANEXO I<\/a><\/p>\n<p><a href=\"http:\/\/www.santaana.gob.ar\/home\/wp-content\/uploads\/2017\/10\/ANEXO_II051017.pdf\" target=\"_blank\">ANEXO II<\/a><\/p>\n","protected":false},"excerpt":{"rendered":"<p>La Municipal de SANTA ANA, dispone el llamado a LICITACION PUBLICA que se individualizar\u00e1 con el N\u00ba 08\/2017, con el objeto de adjudicar la concesi\u00f3n de la explotaci\u00f3n de los servicios de \u201cProveedur\u00eda, Cantina, Restaurante y Helader\u00eda\u201d en el Camping Municipal de Santa Ana por los siguientes periodos a) desde 01 de Noviembre de 2017<a class=\"moretag\" href=\"http:\/\/www.santaana.gob.ar\/home\/2017\/10\/05\/licitacion-publica-proveeduria-cantina-restaurante-y-heladeria\/\"><span class=\"screen-reader-text\">Leer m\u00e1s sobre Licitaci\u00f3n P\u00fablica \u201cProveedur\u00eda, Cantina, Restaurante y Helader\u00eda\u201d<\/span>[&#8230;]<\/a><\/p>\n","protected":false},"author":1,"featured_media":282,"comment_status":"open","ping_status":"open","sticky":false,"template":"","format":"standard","meta":{"footnotes":""},"categories":[1],"tags":[],"class_list":["post-281","post","type-post","status-publish","format-standard","has-post-thumbnail","hentry","category-noticias"],"_links":{"self":[{"href":"http:\/\/www.santaana.gob.ar\/home\/wp-json\/wp\/v2\/posts\/281","targetHints":{"allow":["GET"]}}],"collection":[{"href":"http:\/\/www.santaana.gob.ar\/home\/wp-json\/wp\/v2\/posts"}],"about":[{"href":"http:\/\/www.santaana.gob.ar\/home\/wp-json\/wp\/v2\/types\/post"}],"author":[{"embeddable":true,"href":"http:\/\/www.santaana.gob.ar\/home\/wp-json\/wp\/v2\/users\/1"}],"replies":[{"embeddable":true,"href":"http:\/\/www.santaana.gob.ar\/home\/wp-json\/wp\/v2\/comments?post=281"}],"version-history":[{"count":4,"href":"http:\/\/www.santaana.gob.ar\/home\/wp-json\/wp\/v2\/posts\/281\/revisions"}],"predecessor-version":[{"id":292,"href":"http:\/\/www.santaana.gob.ar\/home\/wp-json\/wp\/v2\/posts\/281\/revisions\/292"}],"wp:featuredmedia":[{"embeddable":true,"href":"http:\/\/www.santaana.gob.ar\/home\/wp-json\/wp\/v2\/media\/282"}],"wp:attachment":[{"href":"http:\/\/www.santaana.gob.ar\/home\/wp-json\/wp\/v2\/media?parent=281"}],"wp:term":[{"taxonomy":"category","embeddable":true,"href":"http:\/\/www.santaana.gob.ar\/home\/wp-json\/wp\/v2\/categories?post=281"},{"taxonomy":"post_tag","embeddable":true,"href":"http:\/\/www.santaana.gob.ar\/home\/wp-json\/wp\/v2\/tags?post=281"}],"curies":[{"name":"wp","href":"https:\/\/api.w.org\/{rel}","templated":true}]}}