{"id":2800,"date":"2022-10-07T21:57:02","date_gmt":"2022-10-07T21:57:02","guid":{"rendered":"http:\/\/www.santaana.gob.ar\/home\/?p=2800"},"modified":"2022-10-07T21:57:02","modified_gmt":"2022-10-07T21:57:02","slug":"santa-ana-festeja-su-125-aniversario","status":"publish","type":"post","link":"http:\/\/www.santaana.gob.ar\/home\/2022\/10\/07\/santa-ana-festeja-su-125-aniversario\/","title":{"rendered":"SANTA ANA FESTEJA SU 125 ANIVERSARIO"},"content":{"rendered":"<p>A partir del martes 18 de octubre y hasta el 22, nuestra ciudad est\u00e1 de fiesta. Compartimos el cronograma diario de las actividades aqu\u00ed \ud83d\udc47<br \/>\n\u25aa Martes 18<br \/>\n11 horas, inauguraci\u00f3n del muelle y monumento a Cupertino Ota\u00f1o en la Costanera.<br \/>\n11.30 horas, dep\u00f3sito de ofrenda floral en el Cementerio Municipal.<br \/>\n17 horas, misa de acci\u00f3n de gracias en la Capilla Santa Ana.<br \/>\n18.30 horas, actuaci\u00f3n de la Banda de la Polic\u00eda de Entre R\u00edos, en la Plaza San Mart\u00edn.<br \/>\n\u25aa Mi\u00e9rcoles 19<br \/>\n20.30 horas, imposici\u00f3n del nombre \u00abPedro Hermosa\u00bb al Museo Municipal, en la Sede del Museo.<br \/>\n21 horas, charla a cargo del Prof. Claudio Hermosa y lectura de poes\u00edas, en las instalaciones del NIDO.<br \/>\n\u25aa Jueves 20<br \/>\n20.30 horas, fog\u00f3n con artistas locales, puesta en funcionamiento de luminarias antiguas y muestra, en el Patio del Museo.<br \/>\n\u25aa Viernes 21<br \/>\n10 horas, jornada de encuentro de mejores pr\u00e1cticas y tendencias para contadores municipales de Entre R\u00edos, en el edificio del NIDO y el Camping Municipal.<br \/>\n\u25aa S\u00e1bado 22<br \/>\n21 horas, gran cena show con la actuaci\u00f3n de \u00abFernando G\u00e9nero y La Diferencia\u00bb en el Centro Social y Deportivo Santa Ana.<\/p>\n","protected":false},"excerpt":{"rendered":"<p>A partir del martes 18 de octubre y hasta el 22, nuestra ciudad est\u00e1 de fiesta. Compartimos el cronograma diario de las actividades aqu\u00ed \ud83d\udc47 \u25aa Martes 18 11 horas, inauguraci\u00f3n del muelle y monumento a Cupertino Ota\u00f1o en la Costanera. 11.30 horas, dep\u00f3sito de ofrenda floral en el Cementerio Municipal. 17 horas, misa de<a class=\"moretag\" href=\"http:\/\/www.santaana.gob.ar\/home\/2022\/10\/07\/santa-ana-festeja-su-125-aniversario\/\"><span class=\"screen-reader-text\">Leer m\u00e1s sobre SANTA ANA FESTEJA SU 125 ANIVERSARIO<\/span>[&#8230;]<\/a><\/p>\n","protected":false},"author":1,"featured_media":2801,"comment_status":"open","ping_status":"open","sticky":false,"template":"","format":"standard","meta":{"footnotes":""},"categories":[1],"tags":[],"class_list":["post-2800","post","type-post","status-publish","format-standard","has-post-thumbnail","hentry","category-noticias"],"_links":{"self":[{"href":"http:\/\/www.santaana.gob.ar\/home\/wp-json\/wp\/v2\/posts\/2800","targetHints":{"allow":["GET"]}}],"collection":[{"href":"http:\/\/www.santaana.gob.ar\/home\/wp-json\/wp\/v2\/posts"}],"about":[{"href":"http:\/\/www.santaana.gob.ar\/home\/wp-json\/wp\/v2\/types\/post"}],"author":[{"embeddable":true,"href":"http:\/\/www.santaana.gob.ar\/home\/wp-json\/wp\/v2\/users\/1"}],"replies":[{"embeddable":true,"href":"http:\/\/www.santaana.gob.ar\/home\/wp-json\/wp\/v2\/comments?post=2800"}],"version-history":[{"count":1,"href":"http:\/\/www.santaana.gob.ar\/home\/wp-json\/wp\/v2\/posts\/2800\/revisions"}],"predecessor-version":[{"id":2802,"href":"http:\/\/www.santaana.gob.ar\/home\/wp-json\/wp\/v2\/posts\/2800\/revisions\/2802"}],"wp:featuredmedia":[{"embeddable":true,"href":"http:\/\/www.santaana.gob.ar\/home\/wp-json\/wp\/v2\/media\/2801"}],"wp:attachment":[{"href":"http:\/\/www.santaana.gob.ar\/home\/wp-json\/wp\/v2\/media?parent=2800"}],"wp:term":[{"taxonomy":"category","embeddable":true,"href":"http:\/\/www.santaana.gob.ar\/home\/wp-json\/wp\/v2\/categories?post=2800"},{"taxonomy":"post_tag","embeddable":true,"href":"http:\/\/www.santaana.gob.ar\/home\/wp-json\/wp\/v2\/tags?post=2800"}],"curies":[{"name":"wp","href":"https:\/\/api.w.org\/{rel}","templated":true}]}}