{"id":2797,"date":"2022-10-07T21:55:59","date_gmt":"2022-10-07T21:55:59","guid":{"rendered":"http:\/\/www.santaana.gob.ar\/home\/?p=2797"},"modified":"2022-10-07T21:55:59","modified_gmt":"2022-10-07T21:55:59","slug":"licitacion-para-la-construccion-de-viviendas","status":"publish","type":"post","link":"http:\/\/www.santaana.gob.ar\/home\/2022\/10\/07\/licitacion-para-la-construccion-de-viviendas\/","title":{"rendered":"LICITACI\u00d3N PARA LA CONSTRUCCI\u00d3N DE VIVIENDAS"},"content":{"rendered":"<p>En la ma\u00f1ana de este jueves 06 de octubre el Intendente Rogelio Zanandrea estuvo en la ciudad de Paran\u00e1 donde particip\u00f3, en el IAPV, de la apertura de sobres de la Licitaci\u00f3n P\u00fablica N\u00b033\/22, que prev\u00e9 la construcci\u00f3n de 18 viviendas e infraestructura en nuestra localidad en el marco del Programa Nacional Casa Propia &#8211; Construir Futuro.<br \/>\n\u25aa Una vez abierto el acto licitatorio se constat\u00f3 la presentaci\u00f3n de la empresa INCAR SA, con un presupuesto total de $ 193.293.077,27.<br \/>\n\u25aa Participaron tambi\u00e9n de apertura de sobres miembros del directorio de IAPV, su presidente Marcelo Bisogni y la Diputada Provincial por el Departamento de Federaci\u00f3n Vanesa Castillo.<\/p>\n","protected":false},"excerpt":{"rendered":"<p>En la ma\u00f1ana de este jueves 06 de octubre el Intendente Rogelio Zanandrea estuvo en la ciudad de Paran\u00e1 donde particip\u00f3, en el IAPV, de la apertura de sobres de la Licitaci\u00f3n P\u00fablica N\u00b033\/22, que prev\u00e9 la construcci\u00f3n de 18 viviendas e infraestructura en nuestra localidad en el marco del Programa Nacional Casa Propia &#8211;<a class=\"moretag\" href=\"http:\/\/www.santaana.gob.ar\/home\/2022\/10\/07\/licitacion-para-la-construccion-de-viviendas\/\"><span class=\"screen-reader-text\">Leer m\u00e1s sobre LICITACI\u00d3N PARA LA CONSTRUCCI\u00d3N DE VIVIENDAS<\/span>[&#8230;]<\/a><\/p>\n","protected":false},"author":1,"featured_media":2798,"comment_status":"open","ping_status":"open","sticky":false,"template":"","format":"standard","meta":{"footnotes":""},"categories":[1],"tags":[],"class_list":["post-2797","post","type-post","status-publish","format-standard","has-post-thumbnail","hentry","category-noticias"],"_links":{"self":[{"href":"http:\/\/www.santaana.gob.ar\/home\/wp-json\/wp\/v2\/posts\/2797","targetHints":{"allow":["GET"]}}],"collection":[{"href":"http:\/\/www.santaana.gob.ar\/home\/wp-json\/wp\/v2\/posts"}],"about":[{"href":"http:\/\/www.santaana.gob.ar\/home\/wp-json\/wp\/v2\/types\/post"}],"author":[{"embeddable":true,"href":"http:\/\/www.santaana.gob.ar\/home\/wp-json\/wp\/v2\/users\/1"}],"replies":[{"embeddable":true,"href":"http:\/\/www.santaana.gob.ar\/home\/wp-json\/wp\/v2\/comments?post=2797"}],"version-history":[{"count":1,"href":"http:\/\/www.santaana.gob.ar\/home\/wp-json\/wp\/v2\/posts\/2797\/revisions"}],"predecessor-version":[{"id":2799,"href":"http:\/\/www.santaana.gob.ar\/home\/wp-json\/wp\/v2\/posts\/2797\/revisions\/2799"}],"wp:featuredmedia":[{"embeddable":true,"href":"http:\/\/www.santaana.gob.ar\/home\/wp-json\/wp\/v2\/media\/2798"}],"wp:attachment":[{"href":"http:\/\/www.santaana.gob.ar\/home\/wp-json\/wp\/v2\/media?parent=2797"}],"wp:term":[{"taxonomy":"category","embeddable":true,"href":"http:\/\/www.santaana.gob.ar\/home\/wp-json\/wp\/v2\/categories?post=2797"},{"taxonomy":"post_tag","embeddable":true,"href":"http:\/\/www.santaana.gob.ar\/home\/wp-json\/wp\/v2\/tags?post=2797"}],"curies":[{"name":"wp","href":"https:\/\/api.w.org\/{rel}","templated":true}]}}